{"id":7258,"date":"2011-03-18T07:44:33","date_gmt":"2011-03-18T06:44:33","guid":{"rendered":"http:\/\/www.sashs-blog.de\/wordpress\/?p=7258"},"modified":"2011-03-18T07:44:33","modified_gmt":"2011-03-18T06:44:33","slug":"gewaltig-einen-an-der-klatsche","status":"publish","type":"post","link":"https:\/\/www.sashs-blog.de\/wordpress\/2011\/03\/18\/gewaltig-einen-an-der-klatsche\/","title":{"rendered":"Gewaltig einen an der Klatsche"},"content":{"rendered":"<p style=\"text-align: justify;\">hat ja scheinbar die ganze Welt.<\/p>\n<p style=\"text-align: justify;\">Ich hab mir all die Tage gedacht, ich sollte nochmal was zu den Ereignissen in Japan schreiben. Was heisst schon: &#8222;sollte&#8220;? Die ganze Welt schreibt dar\u00fcber. Die Folgen von Erdbeben und Tsunami, das Leid der Leute, die nicht so recht unter Kontrolle zu bringenden Reaktoren und die Reaktionen darauf. Also nicht die physikalischen Reaktionen auf die bisher ausgetretene Strahlung, sondern die politischen Konsequenzen in Punkto Kernenergie&#8230; aber ich musste einfach!<\/p>\n<p style=\"text-align: justify;\">In Deutschland sind die ersten Meiler bereits vom Netz gegangen. Das ist meiner Meinung nach eine gro\u00dfartige Sache und l\u00e4sst f\u00fcr die Zukunft hoffen. Aber auch wenn mir das Ergebnis prinzipiell gef\u00e4llt, muss ich doch mal unserer Regierung &#8211; allen voran der Kanzlerin &#8211; attestieren, dass sie in in Sachen Argumentation sowas von [\u00dcberschrift] hat.<\/p>\n<p style=\"text-align: justify;\">Ich hab einen gewissen Respekt vor den Leuten da oben. Nicht explizit wegen ihrer Stellung, sondern weil sie einen beschissenen Job haben, den ich sicher nicht machen wollte.<\/p>\n<p style=\"text-align: justify;\">Aber so langsam frage ich mich, wo eigentlich diese verdammt bekloppten Islamisten bleiben, wenn man sie einmal f\u00fcr einen Anschlag brauchen k\u00f6nnte. Ich bin schlicht zu feige daf\u00fcr, so viel Ehrlichkeit muss sein. An moralischen Bedenken liegt es wirklich nicht mehr, dass ich mein Auto nicht mit C4 bepacke, statt mit Fahrg\u00e4sten&#8230;<\/p>\n<p style=\"text-align: justify;\">Wie kann sich jemand mit ein bisschen mehr im Kopf als einem Hohlraum jetzt hinstellen und sagen, man m\u00fcsse deutsche Kernkraftwerke \u00fcberpr\u00fcfen?<\/p>\n<p style=\"text-align: justify;\">Vor 25 Jahren haben wir hier ein nettes Einmaleins strahlender Lebensmittel gehabt, weil ein Atomkraftwerk dank technischer Schw\u00e4chen und menschlicher Fehler mehr oder weniger explodiert ist. \u00dcber Jahrzehnte hinweg war die Anti-Atomkraftbewegung die lauteste Untergruppe der Natursch\u00fctzer, und wenn sie nicht f\u00fcr Heiligendamm 2007 ein paar Polizisten mehr gebraucht h\u00e4tten, um auch noch mein Auto zu verkratzen, dann w\u00e4ren die Castor-Transporte auf Ewig die gr\u00f6\u00dften Polizeieins\u00e4tze dieser Republik gewesen. Im langen Lauf der Jahre hat sich eine kleine Partei, gespeist aus einem Pool von RAF-Sympathisanten und Steinewerfern, im Namen des Umweltschutzes bis beinahe zur Unkenntlichkeit ihres Profils in der deutschen Politik hochgeschlafen, um am Gipfel, bei einer Regierungsbeteiligung, letztlich den Stein ins Rollen zu bringen, mit der Spaltung von Atomen zugunsten sauberer Energie Schlu\u00df zu machen.<\/p>\n<p style=\"text-align: justify;\">Die ganze Zeit \u00fcber waren die Argumente der jetzt Regierenden stets dieselben: Man k\u00f6nne nunmal nicht verzichten und au\u00dferdem sind die deutschen Reaktoren ja sicher.<\/p>\n<p style=\"text-align: justify;\">Der &#8222;Ausstieg aus dem Ausstieg&#8220;, der k\u00fcrzlich beschlossen wurde, folgte ebenfalls der einzig heranziehbaren Logik: So gef\u00e4hrlich ist es ja &#8211; zumindest bei uns! &#8211; nicht.<\/p>\n<p style=\"text-align: justify;\">Trotz ewiger Demos, trotz Streitereien im Parlament, trotz des \u00c4rgers um Asse, trotz der immer wieder auftauchenden Problematik, dass man nicht weiss, wohin mit dem M\u00fcll, trotz alledem war die Minimalantwort immer: Nicht aufregen, bei uns ist es ja nicht so gef\u00e4hrlich.<\/p>\n<p style=\"text-align: justify;\">Und jetzt ist in Japan gelinde gesagt die Kacke am Dampfen. Das hat erstmal einen Schei\u00df mit uns hier zu tun. Unser Land ist bei weitem nicht so erdbebengef\u00e4hrdet, und selbst ung\u00fcnstigste Prognosen sehen ernstlich kein Szenario vor, dass z.B. das Kraftwerk Biblis von einem Tsunami erwischt werden k\u00f6nne&#8230;<\/p>\n<p style=\"text-align: justify;\">Und JETZT auf einmal ist es nicht nur m\u00f6glich, zumindest ein paar Reaktoren herunterzufahren, ohne wieder in der Steinzeit zu landen, NEIN! Nun muss auch pl\u00f6tzlich &#8222;\u00fcberpr\u00fcft&#8220; werden, ob die Teile sicher sind. Mal abgesehen davon, dass die bl\u00f6dsinnige Herleitung des Moratoriums \u00fcber das Atomgesetz l\u00e4uft und nur f\u00fcr Notf\u00e4lle in Deutschland m\u00f6glich zu sein scheint, muss man sich als Mensch mit einem halbwegs intakten Verstand doch fragen:<\/p>\n<p style=\"text-align: justify;\">Was haben die bitte bisher \u00fcberpr\u00fcft?<\/p>\n<p style=\"text-align: justify;\">Nat\u00fcrlich ist mir klar, dass Merkel jetzt f\u00fcr all die Dumpfbeutel Wahlkampf machen muss, die tats\u00e4chlich nach 30 Jahren Schimpfen auf die \u00d6kospinner Kernkraft ausgerechnet heute f\u00fcr gef\u00e4hrlich halten &#8211; und morgen dann wieder nicht mehr. Aber selbst wenn man davon ausgeht, dass das Ganze nur dazu dient, nach 2 Landtagswahlen das Moratorium wieder einzukassieren, um dann unbeirrt weiter die Laufzeiten zu verl\u00e4ngern, kann man doch diese grunddumme Begr\u00fcndung als ausreichend erachten, die n\u00e4chsten Regierungsgespr\u00e4che per Dekret ins Abklingbecken von Neckarwestheim zu verlegen. Nette Planscherunde , wo Mama Merkel ihren Quietscheguido zwischen den Brennst\u00e4ben durchtauchen lassen kann&#8230;<\/p>\n<p style=\"text-align: justify;\">Mich nervt Pauschalschelte von Politikern immer ein bisschen, auch wenn ich selbst von den meisten nicht viel halte. Aber die Dreistigkeit dieser Parlamentsam\u00f6ben hinterl\u00e4sst mich momentan echt sowas von schockiert.<\/p>\n<p style=\"text-align: justify;\">Hey bitte, da wird man jahrzehntelang abgefr\u00fchst\u00fcckt mit einem<\/p>\n<p style=\"padding-left: 30px; text-align: justify;\"><em>&#8222;Mecker nich, ich kenn mich in Physik besser aus als wie du!!!&#8220;,<\/em><\/p>\n<p style=\"text-align: justify;\">und kaum kriegt Onkel Harry im Ausland eine schlechte Note, heisst es dann:<\/p>\n<p style=\"padding-left: 30px; text-align: justify;\"><em>&#8222;Hmm, ich hab zwar Recht, aber ich guck besser nochmal nach&#8230;&#8220;<\/em><\/p>\n<p style=\"text-align: justify;\">Da sind doch Kindergartendiskussionen auf der Basis von fliegendem Sand stichhaltiger!<br \/>\n<img loading=\"lazy\" decoding=\"async\" src=\"http:\/\/vg07.met.vgwort.de\/na\/22538dc6ddfd4c6ea12768d1520ce3c3\" alt=\"\" width=\"1\" height=\"1\" \/><\/p>\n","protected":false},"excerpt":{"rendered":"<p>hat ja scheinbar die ganze Welt. Ich hab mir all die Tage gedacht, ich sollte nochmal was zu den Ereignissen in Japan schreiben. Was heisst schon: &#8222;sollte&#8220;? Die ganze Welt schreibt dar\u00fcber. Die Folgen von Erdbeben und Tsunami, das Leid &hellip; <a href=\"https:\/\/www.sashs-blog.de\/wordpress\/2011\/03\/18\/gewaltig-einen-an-der-klatsche\/\">Continue reading <span class=\"meta-nav\">&rarr;<\/span><\/a><\/p>\n","protected":false},"author":1,"featured_media":0,"comment_status":"open","ping_status":"open","sticky":false,"template":"","format":"standard","meta":{"_editorskit_title_hidden":false,"_editorskit_reading_time":0,"_editorskit_is_block_options_detached":false,"_editorskit_block_options_position":"{}","footnotes":""},"categories":[10],"tags":[],"class_list":["post-7258","post","type-post","status-publish","format-standard","hentry","category-politik"],"_links":{"self":[{"href":"https:\/\/www.sashs-blog.de\/wordpress\/wp-json\/wp\/v2\/posts\/7258","targetHints":{"allow":["GET"]}}],"collection":[{"href":"https:\/\/www.sashs-blog.de\/wordpress\/wp-json\/wp\/v2\/posts"}],"about":[{"href":"https:\/\/www.sashs-blog.de\/wordpress\/wp-json\/wp\/v2\/types\/post"}],"author":[{"embeddable":true,"href":"https:\/\/www.sashs-blog.de\/wordpress\/wp-json\/wp\/v2\/users\/1"}],"replies":[{"embeddable":true,"href":"https:\/\/www.sashs-blog.de\/wordpress\/wp-json\/wp\/v2\/comments?post=7258"}],"version-history":[{"count":6,"href":"https:\/\/www.sashs-blog.de\/wordpress\/wp-json\/wp\/v2\/posts\/7258\/revisions"}],"predecessor-version":[{"id":7264,"href":"https:\/\/www.sashs-blog.de\/wordpress\/wp-json\/wp\/v2\/posts\/7258\/revisions\/7264"}],"wp:attachment":[{"href":"https:\/\/www.sashs-blog.de\/wordpress\/wp-json\/wp\/v2\/media?parent=7258"}],"wp:term":[{"taxonomy":"category","embeddable":true,"href":"https:\/\/www.sashs-blog.de\/wordpress\/wp-json\/wp\/v2\/categories?post=7258"},{"taxonomy":"post_tag","embeddable":true,"href":"https:\/\/www.sashs-blog.de\/wordpress\/wp-json\/wp\/v2\/tags?post=7258"}],"curies":[{"name":"wp","href":"https:\/\/api.w.org\/{rel}","templated":true}]}}