{"id":3640,"date":"2009-09-22T00:50:56","date_gmt":"2009-09-21T22:50:56","guid":{"rendered":"http:\/\/www.sashs-blog.de\/wordpress\/?p=3640"},"modified":"2012-01-11T01:54:53","modified_gmt":"2012-01-10T23:54:53","slug":"raaaaaalf","status":"publish","type":"post","link":"https:\/\/www.sashs-blog.de\/wordpress\/2009\/09\/22\/raaaaaalf\/","title":{"rendered":"Raaaaaalf!"},"content":{"rendered":"<p style=\"text-align: justify;\">So, ein Dreivierteljahr ohne Ralf haben wir nun hinter uns. Und auch wenn ich damit Ralf, seine Angeh\u00f6rigen sowie eventuelle Anh\u00e4nger seinerseits ein wenig entt\u00e4uschen muss: Es ist mir gut bekommen, der WG geht es blendend, ebenso den Bewohnern und wir w\u00fcnschen ihn uns nicht zur\u00fcck.<\/p>\n<p style=\"text-align: justify;\">Die Begr\u00fcndungen, \u00fcber ihn zu schreiben, werden mit der Zeit immer fadenscheiniger, um so mehr freue ich mich, dass derletzt wieder einmal eine solche ins Haus geflattert kam.<\/p>\n<p style=\"text-align: justify;\">Mit einem letzten Kraftakt haben wir uns inzwischen von Vattenfall als Stromversorger verabschiedet und sind nun bei <a href=\"http:\/\/www.naturstrom.de\" target=\"_blank\">Naturstrom<\/a>. Die Gr\u00fcnde f\u00fcr einen \u00d6kostrom-Anbieter liegen auf der Hand und es tut mir im Nachhinein leid, dass wir aus purer Bequemlichkeit so lange mit dieser Entscheidung gewartet haben. Aber gut, nun ist es endlich gemacht!<\/p>\n<p style=\"text-align: justify;\">Infolgedessen flatterte derletzt die Abschlussrechnung von Vattenfall ins Haus, und diese belegte eindrucksvoll, was wir mit unserem Mitbewohner &#8222;verloren&#8220; haben:<\/p>\n<div id=\"attachment_3641\" style=\"width: 505px\" class=\"wp-caption aligncenter\"><img loading=\"lazy\" decoding=\"async\" aria-describedby=\"caption-attachment-3641\" class=\"size-full wp-image-3641 \" title=\"2009-09-22-stromverbrauch\" src=\"https:\/\/www.sashs-blog.de\/wordpress\/wp-content\/uploads\/2009\/09\/2009-09-22-stromverbrauch.jpg\" alt=\"Stromfresser Soziopath, Quelle: Sash\" width=\"495\" height=\"135\" \/><p id=\"caption-attachment-3641\" class=\"wp-caption-text\">Stromfresser Soziopath, Quelle: Sash<\/p><\/div>\n<p style=\"text-align: justify;\">Nun sollte ich zwar anf\u00fcgen, dass ins Vorjahr auch eine \u00dcbergangsphase mit Nico und Ralf reinspielt, aber in Anbetracht der Tatsache, dass Ozie seit der Umstellung etwa ihren PC wieder regelm\u00e4\u00dfig nutzt (auch wenn der recht wenig verbraucht), kann man das wohl beiseite legen.<\/p>\n<p style=\"text-align: justify;\">Klar, wir verbrauchen immer noch viel Strom. Das ist unbestritten, und wenigstens zum Teil durch die WG in ihrer Existenz als solche zu erkl\u00e4ren:<\/p>\n<ul style=\"text-align: justify;\">\n<li>Wir kochen \u00fcberwiegend einzeln<\/li>\n<li>Es ist fast rund um die Uhr jemand wach (Licht)<\/li>\n<li>Irgendein PC l\u00e4uft immer<\/li>\n<\/ul>\n<p style=\"text-align: justify;\">Dazu kommt nat\u00fcrlich, dass ich viel wasche, weil ich wenige Klamotten habe, dass wir sp\u00fclen und trocknen unseren Maschinen \u00fcberlassen, oder dass wir (Generation Download) den PC auch mal 24\/7 laufen lassen, obwohl niemand da ist. Weil wir faul sind, ich gebe es ja zu&#8230;<\/p>\n<p style=\"text-align: justify;\">Dennoch hat es keiner von uns geschafft, Ralfs Verbrauchsgewohnheiten zu erreichen. Denn de facto bezieht sich die Rechnung bei beiden Zahlen auf einen 3-Personen-Haushalt. Nur l\u00e4sst jetzt keiner zus\u00e4tzlich zum PC auch noch einen R\u00f6hrenmonitor 24\/7 laufen. Keiner nutzt die Zeit, in der der Backofen vorheizt, um kurz einen Spielfilm zu schauen. Keiner verweigert sich dem Einsatz von Energiesparlampen und l\u00e4sst das Licht dann dennoch 5 Monate (!) am St\u00fcck brennen. Und es w\u00fcrde auch niemand auf die Idee kommen, den Backofen zur K\u00fcchenheizung umzufunktionieren, damit der Hefeteig auf dem Fensterbrett besser geht&#8230;<\/p>\n<p style=\"text-align: justify;\">Ich vermute, wir zahlen f\u00fcr Strom gerade genauso viel wie Ralf. Zu dritt&#8230;<\/p>\n","protected":false},"excerpt":{"rendered":"<p>So, ein Dreivierteljahr ohne Ralf haben wir nun hinter uns. Und auch wenn ich damit Ralf, seine Angeh\u00f6rigen sowie eventuelle Anh\u00e4nger seinerseits ein wenig entt\u00e4uschen muss: Es ist mir gut bekommen, der WG geht es blendend, ebenso den Bewohnern und &hellip; <a href=\"https:\/\/www.sashs-blog.de\/wordpress\/2009\/09\/22\/raaaaaalf\/\">Continue reading <span class=\"meta-nav\">&rarr;<\/span><\/a><\/p>\n","protected":false},"author":1,"featured_media":0,"comment_status":"open","ping_status":"open","sticky":false,"template":"","format":"standard","meta":{"_editorskit_title_hidden":false,"_editorskit_reading_time":0,"_editorskit_is_block_options_detached":false,"_editorskit_block_options_position":"{}","footnotes":""},"categories":[12],"tags":[],"class_list":["post-3640","post","type-post","status-publish","format-standard","hentry","category-haushalt"],"_links":{"self":[{"href":"https:\/\/www.sashs-blog.de\/wordpress\/wp-json\/wp\/v2\/posts\/3640","targetHints":{"allow":["GET"]}}],"collection":[{"href":"https:\/\/www.sashs-blog.de\/wordpress\/wp-json\/wp\/v2\/posts"}],"about":[{"href":"https:\/\/www.sashs-blog.de\/wordpress\/wp-json\/wp\/v2\/types\/post"}],"author":[{"embeddable":true,"href":"https:\/\/www.sashs-blog.de\/wordpress\/wp-json\/wp\/v2\/users\/1"}],"replies":[{"embeddable":true,"href":"https:\/\/www.sashs-blog.de\/wordpress\/wp-json\/wp\/v2\/comments?post=3640"}],"version-history":[{"count":6,"href":"https:\/\/www.sashs-blog.de\/wordpress\/wp-json\/wp\/v2\/posts\/3640\/revisions"}],"predecessor-version":[{"id":11149,"href":"https:\/\/www.sashs-blog.de\/wordpress\/wp-json\/wp\/v2\/posts\/3640\/revisions\/11149"}],"wp:attachment":[{"href":"https:\/\/www.sashs-blog.de\/wordpress\/wp-json\/wp\/v2\/media?parent=3640"}],"wp:term":[{"taxonomy":"category","embeddable":true,"href":"https:\/\/www.sashs-blog.de\/wordpress\/wp-json\/wp\/v2\/categories?post=3640"},{"taxonomy":"post_tag","embeddable":true,"href":"https:\/\/www.sashs-blog.de\/wordpress\/wp-json\/wp\/v2\/tags?post=3640"}],"curies":[{"name":"wp","href":"https:\/\/api.w.org\/{rel}","templated":true}]}}