{"id":24425,"date":"2026-04-28T22:02:29","date_gmt":"2026-04-28T20:02:29","guid":{"rendered":"https:\/\/www.sashs-blog.de\/wordpress\/?p=24425"},"modified":"2026-04-28T22:02:29","modified_gmt":"2026-04-28T20:02:29","slug":"die-zeit-vergeht-8","status":"publish","type":"post","link":"https:\/\/www.sashs-blog.de\/wordpress\/2026\/04\/28\/die-zeit-vergeht-8\/","title":{"rendered":"Die Zeit vergeht (8)"},"content":{"rendered":"<p style=\"text-align: justify;\">Komisches psychologisches Ph\u00e4nomen der Elternschaft: Obwohl die Zeit gef\u00fchlt mit zunehmendem Alter schneller vergeht, sorgt schon der zus\u00e4tzliche Stress daf\u00fcr, dasss einem das zus\u00e4tzlich alles ewig vorkommt. Au\u00dferdem w\u00fcrde dazu passen, dass das schnellere Vergehen der Zeit meines Wissens nach daran liegt, dass man weniger neue Erinnerungen sammelt als in jungen Jahren und deswegen in der R\u00fcckschau das Gef\u00fchl hat, es w\u00e4re gar nicht so viel passiert und man deswegen die Zeit anders einsch\u00e4tzt &#8211; und das ist nat\u00fcrlich auch ein bisschen au\u00dfer Kraft gesetzt, wenn man sich jeden Tag mit neuen Erlebnissen aus dem Umfeld des Nachwuchses konfrontiert sieht.<\/p>\n<p style=\"text-align: justify;\">Warum schreibe ich das heute?<\/p>\n<p style=\"text-align: justify;\">Logisch:<\/p>\n<p style=\"text-align: justify;\"><a href=\"https:\/\/www.sashs-blog.de\/wordpress\/wp-content\/uploads\/2026\/04\/2026-04-28-00.27.05-scaled.jpg\"><img loading=\"lazy\" decoding=\"async\" class=\"aligncenter size-full wp-image-24426\" src=\"https:\/\/www.sashs-blog.de\/wordpress\/wp-content\/uploads\/2026\/04\/2026-04-28-00.27.05-scaled.jpg\" alt=\"\" width=\"2193\" height=\"2560\" srcset=\"https:\/\/www.sashs-blog.de\/wordpress\/wp-content\/uploads\/2026\/04\/2026-04-28-00.27.05-scaled.jpg 2193w, https:\/\/www.sashs-blog.de\/wordpress\/wp-content\/uploads\/2026\/04\/2026-04-28-00.27.05-257x300.jpg 257w, https:\/\/www.sashs-blog.de\/wordpress\/wp-content\/uploads\/2026\/04\/2026-04-28-00.27.05-877x1024.jpg 877w, https:\/\/www.sashs-blog.de\/wordpress\/wp-content\/uploads\/2026\/04\/2026-04-28-00.27.05-768x897.jpg 768w, https:\/\/www.sashs-blog.de\/wordpress\/wp-content\/uploads\/2026\/04\/2026-04-28-00.27.05-1316x1536.jpg 1316w, https:\/\/www.sashs-blog.de\/wordpress\/wp-content\/uploads\/2026\/04\/2026-04-28-00.27.05-1754x2048.jpg 1754w\" sizes=\"auto, (max-width: 2193px) 100vw, 2193px\" \/><\/a>Das Sp\u00e4tzle ist jetzt 8 Jahre alt und das ist schon ziemlich wow, obwohl ich r\u00fcckblickend nicht das Gef\u00fchl habe, dass das alles noch kein Jahrzehnt her ist.<\/p>\n<p style=\"text-align: justify;\">Aber wenn wir schon bei &#8222;das alles&#8220; sind. Dank der Bem\u00fchungen des Kn\u00f6pfles k\u00f6nnen wir mit dem heutigen Tag doch recht zuversichtlich davon ausgehen, dass wir mit dem achten auch das letzte vollst\u00e4ndige Jahr des Windelwechselns hinter uns haben. Was ebenso mindblowing ist.<\/p>\n<p style=\"text-align: justify;\">(Man sagt ja zurecht als Neueltern allen immer: &#8222;Ach komm, das Wickeln ist das kleinste \u00dcbel!&#8220; und da ist auch was dran in Anbetracht der anderen Umst\u00e4nde. Aber wenn man sich nach acht Jahren der Gew\u00f6hnung \u00fcberlegt, wie viel M\u00fcll da wegfallen wird, wie viele Eink\u00e4ufe &#8230; nur her mit dem sch\u00f6nen Leben, kleines Kn\u00f6pfle!)<\/p>\n<p style=\"text-align: justify;\">Ansonsten war heute nat\u00fcrlich Ausnahmezustand, weil kleine gemeine Vierj\u00e4hrige gar nicht zu kleinen netten Vierj\u00e4hrigen werden, wenn ihre Geschwister reich beschenkt werden und sie nicht. Au\u00dferdem hat er seine Zeit in der Kita heute f\u00fcr einen dreist\u00fcndigen \u00dcberraschungsmittagsschlaf genutzt. Und das Sp\u00e4tzle ist eh immer komplett durch an so Tagen. Aber jetzt schlafen beide, alles gut. Jetzt wieder weiter wie bisher, also wie die letzten 8 Jahre.<\/p>\n","protected":false},"excerpt":{"rendered":"<p>Komisches psychologisches Ph\u00e4nomen der Elternschaft: Obwohl die Zeit gef\u00fchlt mit zunehmendem Alter schneller vergeht, sorgt schon der zus\u00e4tzliche Stress daf\u00fcr, dasss einem das zus\u00e4tzlich alles ewig vorkommt. Au\u00dferdem w\u00fcrde dazu passen, dass das schnellere Vergehen der Zeit meines Wissens nach &hellip; <a href=\"https:\/\/www.sashs-blog.de\/wordpress\/2026\/04\/28\/die-zeit-vergeht-8\/\">Continue reading <span class=\"meta-nav\">&rarr;<\/span><\/a><\/p>\n","protected":false},"author":1,"featured_media":0,"comment_status":"open","ping_status":"closed","sticky":false,"template":"","format":"standard","meta":{"_editorskit_title_hidden":false,"_editorskit_reading_time":0,"_editorskit_is_block_options_detached":false,"_editorskit_block_options_position":"{}","footnotes":""},"categories":[30,2425,1],"tags":[],"class_list":["post-24425","post","type-post","status-publish","format-standard","hentry","category-bilder","category-familie","category-vermischtes"],"_links":{"self":[{"href":"https:\/\/www.sashs-blog.de\/wordpress\/wp-json\/wp\/v2\/posts\/24425","targetHints":{"allow":["GET"]}}],"collection":[{"href":"https:\/\/www.sashs-blog.de\/wordpress\/wp-json\/wp\/v2\/posts"}],"about":[{"href":"https:\/\/www.sashs-blog.de\/wordpress\/wp-json\/wp\/v2\/types\/post"}],"author":[{"embeddable":true,"href":"https:\/\/www.sashs-blog.de\/wordpress\/wp-json\/wp\/v2\/users\/1"}],"replies":[{"embeddable":true,"href":"https:\/\/www.sashs-blog.de\/wordpress\/wp-json\/wp\/v2\/comments?post=24425"}],"version-history":[{"count":1,"href":"https:\/\/www.sashs-blog.de\/wordpress\/wp-json\/wp\/v2\/posts\/24425\/revisions"}],"predecessor-version":[{"id":24427,"href":"https:\/\/www.sashs-blog.de\/wordpress\/wp-json\/wp\/v2\/posts\/24425\/revisions\/24427"}],"wp:attachment":[{"href":"https:\/\/www.sashs-blog.de\/wordpress\/wp-json\/wp\/v2\/media?parent=24425"}],"wp:term":[{"taxonomy":"category","embeddable":true,"href":"https:\/\/www.sashs-blog.de\/wordpress\/wp-json\/wp\/v2\/categories?post=24425"},{"taxonomy":"post_tag","embeddable":true,"href":"https:\/\/www.sashs-blog.de\/wordpress\/wp-json\/wp\/v2\/tags?post=24425"}],"curies":[{"name":"wp","href":"https:\/\/api.w.org\/{rel}","templated":true}]}}