{"id":23205,"date":"2024-07-26T22:38:33","date_gmt":"2024-07-26T20:38:33","guid":{"rendered":"https:\/\/www.sashs-blog.de\/wordpress\/?p=23205"},"modified":"2024-12-06T15:29:59","modified_gmt":"2024-12-06T13:29:59","slug":"phase-durch","status":"publish","type":"post","link":"https:\/\/www.sashs-blog.de\/wordpress\/2024\/07\/26\/phase-durch\/","title":{"rendered":"Phase durch"},"content":{"rendered":"\r\n<p style=\"text-align: justify; padding-left: 40px;\"><em>&#8222;Es ist alles nur eine Phase!&#8220;<\/em><\/p>\r\n\r\n\r\n\r\n<p style=\"text-align: justify;\">Es gibt vermutlich keinen Satz, der mehr zur psychischen Gesundheit von Eltern beigetragen hat. Denn w\u00e4hrend man es bei vielen guten Angewohnheiten manchmal vergisst, wei\u00df man zumindest bei allem Schlimmen, was Kleinkinder so tun: &#8222;Es ist nur eine Phase!&#8220;<br \/>Zumindest sagt man sich das mantraartig vor, wenn das Kind schon wieder mit der Toilettenb\u00fcrste die Kleidung gereinigt, die Nutella im K\u00fchlschrank verteilt und das Haustier einbetoniert hat.<\/p>\r\n\r\n\r\n\r\n<p style=\"text-align: justify;\">Tatsache ist aber wirklich, dass alles wahnsinnig schnell vorbeigeht in der fr\u00fchen Zeit, gerade f\u00fcr die Eltern, gerade auch die gro\u00dfen Sachen.<\/p>\r\n\r\n\r\n\r\n<p style=\"text-align: justify;\">Kita zum Beispiel.<\/p>\r\n\r\n\r\n\r\n<figure class=\"wp-block-image size-large\" style=\"text-align: justify;\"><a href=\"https:\/\/www.sashs-blog.de\/wordpress\/wp-content\/uploads\/2024\/07\/20240726_151925-scaled.jpg\"><img loading=\"lazy\" decoding=\"async\" width=\"1024\" height=\"711\" class=\"wp-image-23206\" src=\"https:\/\/www.sashs-blog.de\/wordpress\/wp-content\/uploads\/2024\/07\/20240726_151925-1024x711.jpg\" alt=\"\" srcset=\"https:\/\/www.sashs-blog.de\/wordpress\/wp-content\/uploads\/2024\/07\/20240726_151925-1024x711.jpg 1024w, https:\/\/www.sashs-blog.de\/wordpress\/wp-content\/uploads\/2024\/07\/20240726_151925-300x208.jpg 300w, https:\/\/www.sashs-blog.de\/wordpress\/wp-content\/uploads\/2024\/07\/20240726_151925-768x533.jpg 768w, https:\/\/www.sashs-blog.de\/wordpress\/wp-content\/uploads\/2024\/07\/20240726_151925-1536x1066.jpg 1536w, https:\/\/www.sashs-blog.de\/wordpress\/wp-content\/uploads\/2024\/07\/20240726_151925-2048x1421.jpg 2048w\" sizes=\"auto, (max-width: 1024px) 100vw, 1024px\" \/><\/a>\r\n<figcaption class=\"wp-element-caption\">Kinderw\u00fcnsche (analog)<\/figcaption>\r\n<\/figure>\r\n\r\n\r\n\r\n<p style=\"text-align: justify;\">Das Bild zeigt die Ballons, die heute nachmittag mit den W\u00fcnschen der k\u00fcnftigen Sch\u00fcler in den rheinhessischen Himmel entschwebt sind, denn heute, eine Woche vor den Kita-Ferien, war das Sommerfest und der symbolische &#8222;Rauswurf&#8220; aus der Kita f\u00fcrs Sp\u00e4tzle. Auch nichts, was man mit komplett trockenen Augen \u00fcbersteht, vor allem weil es alles ein so gro\u00dfer Kampf war. Jahrelang jeden Morgen \u00dcberreden und Zerren, aber jetzt, in den letzten Wochen, hatte er dann doch noch das, was viele Kinder sicher ein wenig l\u00e4nger haben: Eine sch\u00f6ne Kita-Zeit, mit Freude schon am Morgen.<\/p>\r\n\r\n\r\n\r\n<p style=\"text-align: justify;\">Da er &#8211; stadtteilbedingt &#8211; auf eine andere Schule gehen wird als die meisten seiner Freunde und Freundinnen ist das gerade auch keine leichte Phase, aber richtig hart getroffen hat es heute eigentlich das Kn\u00f6pfle. Mit drei Jahren noch nicht ganz auf der intellektuellen H\u00f6he um das ganze Geschehen zu verarbeiten, kamen ihm nachmittags Sorgen, dass der gro\u00dfe Bruder, wenn er jetzt zur Schule geht, nicht mehr mit uns nach Hause kommt. So gerne ich ihm das mit einer besseren Erkl\u00e4rung vorweg gerne erspart h\u00e4tte, so war das doch auch verdammt lustig. \ud83d\ude00<\/p>\r\n\r\n\r\n\r\n<p style=\"text-align: justify;\">Was ich sehr sch\u00f6n finde, ist, dass es einen ganzen Ordner als Abschiedsgeschenk gab, in dem alle Projekte, Feste und Ausfl\u00fcge beschrieben und bebildert sind, das ist deutlich mehr als ich aus meiner Kita-Zeit \u00fcbrig habe. Wobei ich Kind der 80er bin, ich kann nicht mal mehr sicher ausschlie\u00dfen, ob wir damals in der Kita geschlagen wurden, also vergleichen wir das besser mal nicht.<\/p>\r\n\r\n\r\n\r\n<p style=\"text-align: justify;\">Es ist schon wahr, was alle Eltern immer im R\u00fcckblick sagen: Es geht dann doch alles sehr schnell.<\/p>\r\n","protected":false},"excerpt":{"rendered":"<p>&#8222;Es ist alles nur eine Phase!&#8220; Es gibt vermutlich keinen Satz, der mehr zur psychischen Gesundheit von Eltern beigetragen hat. Denn w\u00e4hrend man es bei vielen guten Angewohnheiten manchmal vergisst, wei\u00df man zumindest bei allem Schlimmen, was Kleinkinder so tun: &hellip; <a href=\"https:\/\/www.sashs-blog.de\/wordpress\/2024\/07\/26\/phase-durch\/\">Continue reading <span class=\"meta-nav\">&rarr;<\/span><\/a><\/p>\n","protected":false},"author":1,"featured_media":0,"comment_status":"open","ping_status":"closed","sticky":false,"template":"","format":"standard","meta":{"_editorskit_title_hidden":false,"_editorskit_reading_time":0,"_editorskit_is_block_options_detached":false,"_editorskit_block_options_position":"{}","footnotes":""},"categories":[30,2425],"tags":[],"class_list":["post-23205","post","type-post","status-publish","format-standard","hentry","category-bilder","category-familie"],"_links":{"self":[{"href":"https:\/\/www.sashs-blog.de\/wordpress\/wp-json\/wp\/v2\/posts\/23205","targetHints":{"allow":["GET"]}}],"collection":[{"href":"https:\/\/www.sashs-blog.de\/wordpress\/wp-json\/wp\/v2\/posts"}],"about":[{"href":"https:\/\/www.sashs-blog.de\/wordpress\/wp-json\/wp\/v2\/types\/post"}],"author":[{"embeddable":true,"href":"https:\/\/www.sashs-blog.de\/wordpress\/wp-json\/wp\/v2\/users\/1"}],"replies":[{"embeddable":true,"href":"https:\/\/www.sashs-blog.de\/wordpress\/wp-json\/wp\/v2\/comments?post=23205"}],"version-history":[{"count":3,"href":"https:\/\/www.sashs-blog.de\/wordpress\/wp-json\/wp\/v2\/posts\/23205\/revisions"}],"predecessor-version":[{"id":23320,"href":"https:\/\/www.sashs-blog.de\/wordpress\/wp-json\/wp\/v2\/posts\/23205\/revisions\/23320"}],"wp:attachment":[{"href":"https:\/\/www.sashs-blog.de\/wordpress\/wp-json\/wp\/v2\/media?parent=23205"}],"wp:term":[{"taxonomy":"category","embeddable":true,"href":"https:\/\/www.sashs-blog.de\/wordpress\/wp-json\/wp\/v2\/categories?post=23205"},{"taxonomy":"post_tag","embeddable":true,"href":"https:\/\/www.sashs-blog.de\/wordpress\/wp-json\/wp\/v2\/tags?post=23205"}],"curies":[{"name":"wp","href":"https:\/\/api.w.org\/{rel}","templated":true}]}}