{"id":23027,"date":"2021-09-16T00:23:48","date_gmt":"2021-09-15T22:23:48","guid":{"rendered":"http:\/\/www.sashs-blog.de\/wordpress\/?p=23027"},"modified":"2024-12-06T15:39:05","modified_gmt":"2024-12-06T13:39:05","slug":"beim-frisoer","status":"publish","type":"post","link":"https:\/\/www.sashs-blog.de\/wordpress\/2021\/09\/16\/beim-frisoer\/","title":{"rendered":"Beim Fris\u00f6r"},"content":{"rendered":"\r\n<p style=\"text-align: justify;\">Ich war gestern beim Fris\u00f6r. Mal wieder. Mal wieder zu sp\u00e4t, es ist wieder der Bart unkontrolliert aus der Maske gequollen und die Haare ragten wirr in alle Richtungen und lagen angeschwitzt auf der Stirn. Klassiker.<\/p>\r\n\r\n\r\n\r\n<p style=\"text-align: justify;\">Obwohl: Dann halt doch nicht so ganz.<\/p>\r\n\r\n\r\n\r\n<p style=\"text-align: justify;\">Mein Verh\u00e4ltnis zu Fris\u00f6ren als Kunde ist gespalten. Nicht als Mensch, denn ich wei\u00df das Handwerk (oder die Kunst) zu sch\u00e4tzen und finde sie massiv unterbezahlt. Aber meine Erfahrungen als Kind waren irgendwie, dass Mama denen was einfl\u00fcstert und ich am Ende rausgehe und mich h\u00e4sslich finde. Dabei waren meine Eltern nicht irgendwie tyrannisch beim Haarschnitt, aber ich war halt der Typ, der Ver\u00e4nderungen nicht mochte. Wie jedes Kind.<br \/>Dann war ich irgendwann 15, bin zu meinem Vater gezogen und den hat es dann einfach nicht mehr interessiert. Er hat seine Haare selbst lang getragen und dann war es das f\u00fcr so etwa 10 Jahre.<\/p>\r\n\r\n\r\n\r\n<p style=\"text-align: justify;\">Ehrlich.<\/p>\r\n\r\n\r\n\r\n<p style=\"text-align: justify;\">Nat\u00fcrlich sind meine Haare nicht zehn Jahre gewachsen, denn ohne entsprechende Pflege muss man dann schon mal ein paar verfilzte Ecken rausschneiden, was ich auch getan habe. Aber die Matte blieb weit \u00fcber schulterlang und ich hab sie zur\u00fcckgebunden, fertig. Passt als Metaller ja eh ganz gut.<\/p>\r\n\r\n\r\n\r\n<p style=\"text-align: justify;\">Dann kam schon Sophie und seit sie mir das erste Mal die Haare geschnitten hatte, wollte ich nicht mehr zur Headbanger-M\u00e4hne zur\u00fcck, musste mich aber immer wieder all Halbjahr von meiner Freundin und dann Frau dazu \u00fcberreden lassen, mal wieder zu k\u00fcrzen. Das war toll, sehr pers\u00f6nlich und dar\u00fcber hinaus auch kostenlos. Muss ich r\u00fcckblickend anmerken, denn wir hatten die Kohle eigentlich ja nicht. Alleine der Gedanke, vier Stunden im Taxi zu sitzen, nur um die Haare gek\u00fcrzt zu bekommen &#8230; ach komm, langhaariger Student passt doch als Klischee!<\/p>\r\n\r\n\r\n\r\n<p style=\"text-align: justify;\">Aber nun ist Geld da, die Anstrengung war eh immer gro\u00df und ich bin eben \u00fcber einen kleinen Umweg bei einem &#8222;Oriental Barbier&#8220; im \u00f6rtlichen Einkaufscenter gelandet.<\/p>\r\n\r\n\r\n\r\n<p style=\"text-align: justify;\">Die Kommunikation dort war zwar immer nur so mittel, aber ich mag den Laden irgendwie. Stilistisch schafft er es, eine Kreuzung aus Hipster-Laden und Steam-Punk-Szenerie zu sein, die Angestellten sind immer nett und als ich da das erste Mal rausgelaufen bin, habe ich mich im Spiegel f\u00fcr dieses eine Ich meinerselbst gehalten, das vor 20 Jahren die M\u00e4dels abgeschleppt h\u00e4tte, die ich nur sch\u00fcchtern im Flur gegr\u00fc\u00dft hatte. Wow! Fris\u00f6r bedeutet gar nicht Unterdr\u00fcckung, f\u00fcr die man auch noch zahlt!<\/p>\r\n\r\n\r\n\r\n<p style=\"text-align: justify;\">Ich hatte angefangen, mich daran zu gew\u00f6hnen, das als Wellness-Termin zu sehen. Mal den Bart mit einem echten Messer ausdefiniert bekommen, alle W\u00e4sserchen und Gels, die da rumstehen mal zu probieren &#8230; geiler Schei\u00df! Und zu einem Preis, der mir als Ex-Taxifahrer Tr\u00e4nen in die Augen treibt.<\/p>\r\n\r\n\r\n\r\n<p style=\"text-align: justify;\">Und gestern sa\u00df ich da dann eine Stunde. Weil der supernette Typ mit den unglaublich gut riechenden H\u00e4nden mir zwar alle W\u00fcnsche erf\u00fcllen wollte, aber keinen Plan hatte, was ich gesagt habe. Nicht wegen einer Sprachbarriere, vielleicht lag es sogar an mir, aber er traute sich nicht, die Haare da so kurz zu machen, wie ich es wollte und hat dort den Bart zu sehr rundgeschnitten, wo das auch nicht mein Ziel war.<\/p>\r\n\r\n\r\n\r\n<p style=\"text-align: justify;\">Nat\u00fcrlich poste ich jetzt nur keine Fotos, weil ich trotzdem verdammt scharf aussehe und niemanden ungeb\u00fchrlich verunsichern will, aber ich habe mir das sehr sehr anders vorgestellt.<\/p>\r\n\r\n\r\n\r\n<p style=\"text-align: justify;\">Und da kam das Trauma meiner Kindheit auch wirklich unvermittelt um die Ecke galoppiert. Ich hab mich wirklich sehr schlecht gef\u00fchlt, hab sogar einen (leicht zu unterdr\u00fcckenden) Reflex zum Weinen versp\u00fcrt, weil ich das Gef\u00fchl hatte, ich werde da jetzt verunstaltet.<\/p>\r\n\r\n\r\n\r\n<p style=\"text-align: justify;\">Der Ausgang ist wie oben erw\u00e4hnt voll ok. Ich sehe erst einmal nicht mehr wie der letzte Heckenpenner aus und sogar irgendwie erstaunlich gut. Entgegen meiner Hoffnung muss ich aber nun wohl morgens einen Kamm benutzen, was ein echt krasser Downer f\u00fcr einen Ex-Punk wie mich ist.<\/p>\r\n\r\n\r\n\r\n<p style=\"text-align: justify;\">Aber hey, ich und Sophie k\u00f6nnen nachschneiden, das ist immerhin auch schon was.<\/p>\r\n","protected":false},"excerpt":{"rendered":"<p>Ich war gestern beim Fris\u00f6r. Mal wieder. Mal wieder zu sp\u00e4t, es ist wieder der Bart unkontrolliert aus der Maske gequollen und die Haare ragten wirr in alle Richtungen und lagen angeschwitzt auf der Stirn. Klassiker. Obwohl: Dann halt doch &hellip; <a href=\"https:\/\/www.sashs-blog.de\/wordpress\/2021\/09\/16\/beim-frisoer\/\">Continue reading <span class=\"meta-nav\">&rarr;<\/span><\/a><\/p>\n","protected":false},"author":1,"featured_media":0,"comment_status":"open","ping_status":"closed","sticky":false,"template":"","format":"standard","meta":{"_editorskit_title_hidden":false,"_editorskit_reading_time":0,"_editorskit_is_block_options_detached":false,"_editorskit_block_options_position":"{}","footnotes":""},"categories":[1],"tags":[],"class_list":["post-23027","post","type-post","status-publish","format-standard","hentry","category-vermischtes"],"_links":{"self":[{"href":"https:\/\/www.sashs-blog.de\/wordpress\/wp-json\/wp\/v2\/posts\/23027","targetHints":{"allow":["GET"]}}],"collection":[{"href":"https:\/\/www.sashs-blog.de\/wordpress\/wp-json\/wp\/v2\/posts"}],"about":[{"href":"https:\/\/www.sashs-blog.de\/wordpress\/wp-json\/wp\/v2\/types\/post"}],"author":[{"embeddable":true,"href":"https:\/\/www.sashs-blog.de\/wordpress\/wp-json\/wp\/v2\/users\/1"}],"replies":[{"embeddable":true,"href":"https:\/\/www.sashs-blog.de\/wordpress\/wp-json\/wp\/v2\/comments?post=23027"}],"version-history":[{"count":2,"href":"https:\/\/www.sashs-blog.de\/wordpress\/wp-json\/wp\/v2\/posts\/23027\/revisions"}],"predecessor-version":[{"id":23346,"href":"https:\/\/www.sashs-blog.de\/wordpress\/wp-json\/wp\/v2\/posts\/23027\/revisions\/23346"}],"wp:attachment":[{"href":"https:\/\/www.sashs-blog.de\/wordpress\/wp-json\/wp\/v2\/media?parent=23027"}],"wp:term":[{"taxonomy":"category","embeddable":true,"href":"https:\/\/www.sashs-blog.de\/wordpress\/wp-json\/wp\/v2\/categories?post=23027"},{"taxonomy":"post_tag","embeddable":true,"href":"https:\/\/www.sashs-blog.de\/wordpress\/wp-json\/wp\/v2\/tags?post=23027"}],"curies":[{"name":"wp","href":"https:\/\/api.w.org\/{rel}","templated":true}]}}