{"id":22961,"date":"2020-08-15T00:21:13","date_gmt":"2020-08-14T22:21:13","guid":{"rendered":"http:\/\/www.sashs-blog.de\/wordpress\/?p=22961"},"modified":"2024-12-06T16:17:24","modified_gmt":"2024-12-06T14:17:24","slug":"gehirnchen","status":"publish","type":"post","link":"https:\/\/www.sashs-blog.de\/wordpress\/2020\/08\/15\/gehirnchen\/","title":{"rendered":"Gehirnchen"},"content":{"rendered":"\r\n<p style=\"text-align: justify;\">Ich bin ja immer mehr baff, was das kleine Sp\u00e4tzle inzwischen alles kann. Selbst, bzw. gerade beim Sprechen, wo es ja eher nur so mittelfr\u00fch angefangen hat, kann man den Synapsen quasi beim Wachsen zusehen. Ich h\u00e4tte nie gedacht, was so ein Zweij\u00e4hriger alles verarbeiten kann. Nat\u00fcrlich mit L\u00fccken bei der Aussprache, aber sonst: Holla die Waldfee!<\/p>\r\n\r\n\r\n\r\n<p style=\"text-align: justify;\">Mal als Beispiel: Nach einer kurzen Erkl\u00e4rung von uns &#8211; die n\u00f6tig war, weil er die alte kaputte Kaffeemaschine sehr vermisst &#8211; erz\u00e4hlt er jetzt gerne auf Nachfrage, dass ich die alte Maschine zum Recyclinghof in einen Container gebracht habe und die dort eine Neue draus machen.<\/p>\r\n\r\n\r\n\r\n<p style=\"text-align: justify;\">Noch geiler sind aber die Momente, wo man erkennt, WIE seine Welt zusammenh\u00e4ngt und wo die Grenzen liegen.<\/p>\r\n\r\n\r\n\r\n<p style=\"text-align: justify;\">So kam es vor ein paar Wochen, dass er mir beim Spielen seinen Eimer f\u00fcr die Baukl\u00f6tze auf den Kopf gesetzt hat und nach einem kurzen Blick wie eine Maschine zu singen begann:<\/p>\r\n\r\n\r\n\r\n<p style=\"text-align: justify; padding-left: 40px;\"><em>&#8222;Bogsag Ebogsag, Papaa! Gl\u00fcck gehabt!&#8220;<\/em><\/p>\r\n\r\n\r\n\r\n<p style=\"text-align: justify;\">Sieh an, in der Kita kriegen die Geburtstagskinder also offenbar eine Krone aufgesetzt. Geburtstag, Geburtstag, so viel Text konnte er sich merken. Und dann &#8211; und da zerflie\u00dfe ich innerlich ein wenig &#8211; ist ihm das Wort Gl\u00fcckwunsch offenbar noch nicht so gel\u00e4ufgig und er verwendet die einzige ihm bekannte \u00e4hnliche Formulierung von uns: &#8222;Gl\u00fcck gehabt&#8220;.<\/p>\r\n\r\n\r\n\r\n<p style=\"text-align: justify;\">Es ist so grandios!<\/p>\r\n","protected":false},"excerpt":{"rendered":"<p>Ich bin ja immer mehr baff, was das kleine Sp\u00e4tzle inzwischen alles kann. Selbst, bzw. gerade beim Sprechen, wo es ja eher nur so mittelfr\u00fch angefangen hat, kann man den Synapsen quasi beim Wachsen zusehen. Ich h\u00e4tte nie gedacht, was &hellip; <a href=\"https:\/\/www.sashs-blog.de\/wordpress\/2020\/08\/15\/gehirnchen\/\">Continue reading <span class=\"meta-nav\">&rarr;<\/span><\/a><\/p>\n","protected":false},"author":1,"featured_media":0,"comment_status":"open","ping_status":"closed","sticky":false,"template":"","format":"standard","meta":{"_editorskit_title_hidden":false,"_editorskit_reading_time":0,"_editorskit_is_block_options_detached":false,"_editorskit_block_options_position":"{}","footnotes":""},"categories":[2425],"tags":[],"class_list":["post-22961","post","type-post","status-publish","format-standard","hentry","category-familie"],"_links":{"self":[{"href":"https:\/\/www.sashs-blog.de\/wordpress\/wp-json\/wp\/v2\/posts\/22961","targetHints":{"allow":["GET"]}}],"collection":[{"href":"https:\/\/www.sashs-blog.de\/wordpress\/wp-json\/wp\/v2\/posts"}],"about":[{"href":"https:\/\/www.sashs-blog.de\/wordpress\/wp-json\/wp\/v2\/types\/post"}],"author":[{"embeddable":true,"href":"https:\/\/www.sashs-blog.de\/wordpress\/wp-json\/wp\/v2\/users\/1"}],"replies":[{"embeddable":true,"href":"https:\/\/www.sashs-blog.de\/wordpress\/wp-json\/wp\/v2\/comments?post=22961"}],"version-history":[{"count":2,"href":"https:\/\/www.sashs-blog.de\/wordpress\/wp-json\/wp\/v2\/posts\/22961\/revisions"}],"predecessor-version":[{"id":23358,"href":"https:\/\/www.sashs-blog.de\/wordpress\/wp-json\/wp\/v2\/posts\/22961\/revisions\/23358"}],"wp:attachment":[{"href":"https:\/\/www.sashs-blog.de\/wordpress\/wp-json\/wp\/v2\/media?parent=22961"}],"wp:term":[{"taxonomy":"category","embeddable":true,"href":"https:\/\/www.sashs-blog.de\/wordpress\/wp-json\/wp\/v2\/categories?post=22961"},{"taxonomy":"post_tag","embeddable":true,"href":"https:\/\/www.sashs-blog.de\/wordpress\/wp-json\/wp\/v2\/tags?post=22961"}],"curies":[{"name":"wp","href":"https:\/\/api.w.org\/{rel}","templated":true}]}}