{"id":22959,"date":"2020-08-13T02:35:45","date_gmt":"2020-08-13T00:35:45","guid":{"rendered":"http:\/\/www.sashs-blog.de\/wordpress\/?p=22959"},"modified":"2024-12-06T16:18:02","modified_gmt":"2024-12-06T14:18:02","slug":"freiheit-2","status":"publish","type":"post","link":"https:\/\/www.sashs-blog.de\/wordpress\/2020\/08\/13\/freiheit-2\/","title":{"rendered":"Freiheit"},"content":{"rendered":"\r\n<p style=\"text-align: justify;\">Nein, nach der langen Pause kein Text zu &#8222;Corona-Kritikern&#8220; oder vergleichbarem Bullshit! H\u00e4tte ich zugegebenerma\u00dfen auch mal wieder Bock drauf, aber nicht jetzt.<\/p>\r\n\r\n\r\n\r\n<p style=\"text-align: justify;\">Wie man sieht, treibt mich gerade nicht mehr viel an die Tastatur. Genau genommen sind es gerade im wesentlichen ein paar Games oder ernsthaft notwendige Sachen. Umso mehr d\u00fcrfte \u00fcberraschen, dass dann pl\u00f6tzlich ein Thema daherkommt, dessen Relevanz man getrost irgendwo knapp \u00fcber Null verorten kann: Freibad!<\/p>\r\n\r\n\r\n\r\n<p style=\"text-align: justify;\">Wir waren im Freibad. Recht oft in den letzten Wochen, denn ein Freibad (meist nur das Kinderfreibad ums Eck) ist wirklich eine gute Idee, um aufgedrehte Zweij\u00e4hrige zu besch\u00e4ftigen, auszupowern und trotzdem nicht \u00fcberhitzen zu lassen. Die Eltern interessieren in diesem Szenario eigentlich eher wenig, aber da ich nun ein Elternteil in entsprechender Position bin, m\u00f6chte ich genau darauf raus.<\/p>\r\n\r\n\r\n\r\n<p style=\"text-align: justify;\">Ich hab mich in den letzten Jahren selten so gut gef\u00fchlt wie dieser Tage im Freibad und das hat nat\u00fcrlich seine Gr\u00fcnde.<\/p>\r\n\r\n\r\n\r\n<p style=\"text-align: justify;\">Unspektakul\u00e4r an sich ist nat\u00fcrlich dieser: Ich war seit etwa 25 Jahren nicht mehr in einem Schwimmbad.<\/p>\r\n\r\n\r\n\r\n<p style=\"text-align: justify;\">Der Punkt wo es interessant wird, ist nat\u00fcrlich der Grund dahinter, gemeinhin Hintergrund genannt: Ich hab mich in B\u00e4dern immer unwohl gef\u00fchlt, weil ich seit meiner Kindheit stark \u00fcbergewichtig bin und das halt in Kombination mit den Menschen da drau\u00dfen seine Komplexe mit sich bringt.<\/p>\r\n\r\n\r\n\r\n<p style=\"text-align: justify;\">Das klingt irgendwie so normal und gleichzeitig fies pathologisch, ich hab keine Ahnung, ob sich das Leute vorstellen k\u00f6nnen, die mit einem halbwegs &#8222;normalen&#8220;, sprich &#8222;normentsprechendem&#8220; K\u00f6rperbau irgendwie vorstelllen k\u00f6nnen. Vielleicht. Ich wei\u00df es wirklich nicht. Ich bin f\u00fcr Erfahrungsberichte dankbar.<\/p>\r\n\r\n\r\n\r\n<p style=\"text-align: justify;\">Bei mir jedenfalls ist es so, dass mein Bauch, seit ich 10 bin oder so, aus jeder Badehose rausquillt. Vorne, rechts, links. H\u00e4ngt, hat Falten und Dehnungsstreifen, &#8222;Man Boobs&#8220;, die gut in B-K\u00f6rbchen passen w\u00fcrden, treten hervor und nicht zuletzt hat auch die Akne den ein oder anderen Fleck auf meinem reinwei\u00dfen K\u00f6rper hinterlassen. Ich bin ehrlich gesagt f\u00fcr meinen ganz pers\u00f6nlichen Geschmack bez\u00fcglich attraktiver Menschen nicht h\u00fcbsch.<\/p>\r\n\r\n\r\n\r\n<p style=\"text-align: justify;\">Das eigentliche Ding daran ist nat\u00fcrlich: Ja und?<br \/>Ich gehe ja nicht ins Freibad, um potenzielle Sexualpartner zu umgarnen, sondern um mich daran zu erfreuen, all dem Speck mal etwas weniger Gravitation zugute kommen zu lassen. \ud83d\ude09<\/p>\r\n\r\n\r\n\r\n<p style=\"text-align: justify;\">Das Ding ist halt: Als ich mich das letzte Mal getraut habe, ohne Shirt ins Wasser zu gehen, war in meinem Kopf noch fest verankert, dass es dann doch irgendwie wichtig ist, ob die anderen Menschen mich dort wenigstens noch ok finden. Nat\u00fcrlich ist man mit 15 fast zwangsweise in einer Peer-Group, die dicke Senioren auslacht und die K\u00f6rper der Gleichaltrigen bewertet. Und so kommt es dann, dass ich als \u00dcbergewichtiger jede Situation, in der ich in die Gefahr h\u00e4tte kommen k\u00f6nnen, mich mal meiner Oberbekleidung zu entledigen, als Gefahr gesehen hab. Jetzt nicht im Todesangst-Totalvernichtungs-Sinne, aber immer wenn &#8222;Schwimmbad&#8220; auf der Liste stand, war da der Gedanke ans Ausziehen. Immer. So wie verantwortungsbewusste Eltern zuerst &#8222;Sonnencreme!&#8220; denken und Kinder &#8222;Pommes!&#8220;. Immer. Und das war eben ein unangenehmer Gedanke: &#8222;Was denkt Julia, wenn ich im Sitzen dickere Br\u00fcste habe als sie?&#8220;, &#8222;Nimmt mir Dennis noch ab, dass ich der coole Typ bin?&#8220;, &#8222;Rennt Lina nicht eh weg, wenn ich da so durchs Geb\u00e4ude schwabbel?&#8220;.<\/p>\r\n\r\n\r\n\r\n<p style=\"text-align: justify;\">Richtig: Man ist schon dick und kann sich nicht einmal auf die Pommes im Freibad freuen!<\/p>\r\n\r\n\r\n\r\n<p style=\"text-align: justify;\">Und ganz im Ernst: Das Problem ist, dass diese Gesellschaft halt am Ende eine Menge ekliges Fatshaming betreibt. Ja, auch dein bl\u00f6der Kommentar mit 12 \u00fcber &#8222;die dicke Kuh Laura&#8220; geh\u00f6rt dazu.<\/p>\r\n\r\n\r\n\r\n<p style=\"text-align: justify;\">Ich kann mich nun wirklich nicht damit br\u00fcsten, in meinem Leben allzu hart diskriminiert worden zu sein. Wie auch als gro\u00dfer wei\u00dfer Mann in diesem Land? Ich hab sogar lange Zeit meines Lebens echt geile Freunde und Freundinnen gehabt, die sich explizit gegen so eine Schei\u00dfe ausgesprochen haben, aber am Ende habe ich vielleicht doch mehr als ich wollte darunter gelitten, dass meine Mutter mich mal irgendwann entsetzt angeschrieen hat, dass das doch nicht sein k\u00f6nne, als ich ihr verk\u00fcndet hab, dass die Waage im Schwimmbad 70 kg angezeigt hat. Das hat sich locker verdoppelt seither.<\/p>\r\n\r\n\r\n\r\n<p style=\"text-align: justify;\">Ich hab mich jedenfalls seit 2003 etwa (und das war eine einmalige und doch eher weirde Ausnahme mit WG-Mitbewohnern in der Sauna, davor das letzte Mal war eher 1996) nie oberhalb der Kniee in der \u00d6ffentlichkeit ausgezogen. Nie. Weil ich ein schlechtes Gef\u00fchl dabei gehabt h\u00e4tte. \u00dcberlest das bitte nicht, denkt bitte \u00fcber eure Erfahrungen nach! Ich war seit 1995 nicht mehr schwimmen! NUR deswegen! Und ich halte mich f\u00fcr sonst emotional recht stabil.<\/p>\r\n\r\n\r\n\r\n<p style=\"text-align: justify;\">Und nun Freibad!<\/p>\r\n\r\n\r\n\r\n<p style=\"text-align: justify;\">Auch hier erst einmal gerne mit Hemd. Ich kriege ja schon Sonnenbrand von Fotos der Sonne. Aber dann eben auch weil geht halt nicht. Gucken ja alle.<\/p>\r\n\r\n\r\n\r\n<p style=\"text-align: justify;\">Dass ich zuletzt dann doch zwei Tage oberk\u00f6rperfrei im Bad verbracht habe, hat mir ein Hoch beschert, das wirklich unfassbar war. Ich hatte selbst keine Ahnung, wie gro\u00df die Blockade davor gewesen sein muss. Ich bin nahe daran, es mit dem Selbstwertgef\u00fchl zu vergleichen, das man in den ersten Wochen nach dem ersten Sex hat. Obwohl ich nur das getan hab, was Bauarbeiter offensichtlich als Einstellungstest absolvieren m\u00fcssen. Irgendwas ist da falsch.<\/p>\r\n\r\n\r\n\r\n<p style=\"text-align: justify;\">Ich w\u00fcrde jetzt gerne irgendwelche Tipps an Leute geben, denen es geht wie es mir ging. Kann ich nicht. Denn ganz ganz ehrlich: Ich glaube, dass das ein ernstes psychologisches Trauma ist, das ich selbst noch nicht wirklich aufgearbeitet habe und zu dem ich entsprechend keine Tipps geben sollte.<\/p>\r\n\r\n\r\n\r\n<p style=\"text-align: justify;\">Mein &#8222;Trick&#8220; ist der gewesen, als seit bald 15 Jahren in einer stabilen Beziehung lebender Typ wirklich nichts mehr auf den Balzmarkt geben zu k\u00f6nnen, vielleicht noch garniert mit einer weiteren LMAA-Haltung, weil ich kein Problem damit hab, jetzt gerade in der Rolle &#8222;dicker, aber sehr guter Papa&#8220; zu brillieren, die halt auch kaum k\u00f6rperliche Grenzen hat.<\/p>\r\n\r\n\r\n\r\n<p style=\"text-align: justify;\">Vielen Dank.<\/p>\r\n\r\n\r\n\r\n<p style=\"text-align: justify;\">Wir h\u00f6ren uns wieder in der Folge &#8222;Arschbombe mit 40 &#8211; jetzt wird&#8217;s richtig feucht!&#8220;<\/p>\r\n","protected":false},"excerpt":{"rendered":"<p>Nein, nach der langen Pause kein Text zu &#8222;Corona-Kritikern&#8220; oder vergleichbarem Bullshit! H\u00e4tte ich zugegebenerma\u00dfen auch mal wieder Bock drauf, aber nicht jetzt. Wie man sieht, treibt mich gerade nicht mehr viel an die Tastatur. Genau genommen sind es gerade &hellip; <a href=\"https:\/\/www.sashs-blog.de\/wordpress\/2020\/08\/13\/freiheit-2\/\">Continue reading <span class=\"meta-nav\">&rarr;<\/span><\/a><\/p>\n","protected":false},"author":1,"featured_media":0,"comment_status":"open","ping_status":"closed","sticky":false,"template":"","format":"standard","meta":{"_editorskit_title_hidden":false,"_editorskit_reading_time":0,"_editorskit_is_block_options_detached":false,"_editorskit_block_options_position":"{}","footnotes":""},"categories":[1],"tags":[],"class_list":["post-22959","post","type-post","status-publish","format-standard","hentry","category-vermischtes"],"_links":{"self":[{"href":"https:\/\/www.sashs-blog.de\/wordpress\/wp-json\/wp\/v2\/posts\/22959","targetHints":{"allow":["GET"]}}],"collection":[{"href":"https:\/\/www.sashs-blog.de\/wordpress\/wp-json\/wp\/v2\/posts"}],"about":[{"href":"https:\/\/www.sashs-blog.de\/wordpress\/wp-json\/wp\/v2\/types\/post"}],"author":[{"embeddable":true,"href":"https:\/\/www.sashs-blog.de\/wordpress\/wp-json\/wp\/v2\/users\/1"}],"replies":[{"embeddable":true,"href":"https:\/\/www.sashs-blog.de\/wordpress\/wp-json\/wp\/v2\/comments?post=22959"}],"version-history":[{"count":2,"href":"https:\/\/www.sashs-blog.de\/wordpress\/wp-json\/wp\/v2\/posts\/22959\/revisions"}],"predecessor-version":[{"id":23359,"href":"https:\/\/www.sashs-blog.de\/wordpress\/wp-json\/wp\/v2\/posts\/22959\/revisions\/23359"}],"wp:attachment":[{"href":"https:\/\/www.sashs-blog.de\/wordpress\/wp-json\/wp\/v2\/media?parent=22959"}],"wp:term":[{"taxonomy":"category","embeddable":true,"href":"https:\/\/www.sashs-blog.de\/wordpress\/wp-json\/wp\/v2\/categories?post=22959"},{"taxonomy":"post_tag","embeddable":true,"href":"https:\/\/www.sashs-blog.de\/wordpress\/wp-json\/wp\/v2\/tags?post=22959"}],"curies":[{"name":"wp","href":"https:\/\/api.w.org\/{rel}","templated":true}]}}