{"id":1595,"date":"2008-05-03T03:43:46","date_gmt":"2008-05-03T01:43:46","guid":{"rendered":"http:\/\/www.sashs-blog.de\/wordpress\/?p=1595"},"modified":"2012-09-18T02:32:11","modified_gmt":"2012-09-18T00:32:11","slug":"beim-barte-der-proleten","status":"publish","type":"post","link":"https:\/\/www.sashs-blog.de\/wordpress\/2008\/05\/03\/beim-barte-der-proleten\/","title":{"rendered":"Beim Barte der Proleten!"},"content":{"rendered":"<p style=\"text-align: justify;\">Wenn man sich auf bild.de ein wenig umsieht, gelangt man irgendwann bestimmt zu <a href=\"http:\/\/www.bild.de\/BILD\/news\/politik\/2008\/05\/03\/beck\/bart-ab-oder-dran,geo=4434572.html\">diesem fantastischen Artikel<\/a>. Hier haben wir ein sch\u00f6nes Beispiel einer &#8222;\u00fcbergeigten \u00dcberschrift&#8220;, wie Kai Diekmann es so sch\u00f6n bezeichnet hat. Denn ob Beck seinen Bart abrasiert f\u00fcr einen guten Zweck, das ist wohl noch nicht raus. Der arme Parteichef hat diese spa\u00dfige Aussage bei einer Mai-Kundgebung auf eine Frage hin gemacht. Im normalen Sinne &#8222;verkauft&#8220; Beck seinen Bart ziemlich sicher nicht. Ich k\u00f6nnte mir auch keine gesteigerte Nachfrage an Barthaaren eines mittelm\u00e4\u00dfig bekannten Bundespolitikers vorstellen. Aber vielleicht bin ich nur nicht kaputt genug daf\u00fcr.<br \/>\nWer sich denkt, das war der Witz, der irrt leider. Denn diese kleine Spitze geh\u00f6rt zu einem sich wahrscheinlich in den kommenden Tagen ausweitenden haarigen Eisberg. So wartet Bild nun mit <a href=\"http:\/\/www.bild.de\/BILD\/news\/politik\/2008\/03\/30\/kann-bart-weg-beck\/spd-retten,geo=4134726.html\">diesem Artikel<\/a> auf:<\/p>\n<div id=\"attachment_1596\" style=\"width: 479px\" class=\"wp-caption aligncenter\"><img loading=\"lazy\" decoding=\"async\" aria-describedby=\"caption-attachment-1596\" class=\"size-full wp-image-1596\" title=\"2008-05-03-beckbartbildde\" src=\"https:\/\/www.sashs-blog.de\/wordpress\/wp-content\/uploads\/2009\/05\/2008-05-03-beckbartbildde.jpg\" alt=\"Quelle: bild.de\" width=\"469\" height=\"599\" srcset=\"https:\/\/www.sashs-blog.de\/wordpress\/wp-content\/uploads\/2009\/05\/2008-05-03-beckbartbildde.jpg 469w, https:\/\/www.sashs-blog.de\/wordpress\/wp-content\/uploads\/2009\/05\/2008-05-03-beckbartbildde-234x300.jpg 234w\" sizes=\"auto, (max-width: 469px) 100vw, 469px\" \/><p id=\"caption-attachment-1596\" class=\"wp-caption-text\">Quelle: bild.de<\/p><\/div>\n<p style=\"text-align: justify;\">Ja, das war schon der Inhalt (au\u00dfer dem Hinweis, dass es sich um eine Montage handelt, und jeder Menge Werbung findet sich nichts weiter auf der Seite). Ein rasierter Kurt Beck, und &#8211; zack! &#8211; gewinnt die SPD die Wahl!<\/p>\n<p style=\"text-align: justify;\">Kann man mit Becks Bart nicht noch andere Sachen machen? Klimaprobleme l\u00f6sen, ins All fliegen oder sparsam reisen? Wie? Keinen Plan, ehrlich! Aber wie soll dieser bl\u00f6de Gesichtsteppich die Wahl gewinnen? Danke bild.de!<\/p>\n","protected":false},"excerpt":{"rendered":"<p>Wenn man sich auf bild.de ein wenig umsieht, gelangt man irgendwann bestimmt zu diesem fantastischen Artikel. Hier haben wir ein sch\u00f6nes Beispiel einer &#8222;\u00fcbergeigten \u00dcberschrift&#8220;, wie Kai Diekmann es so sch\u00f6n bezeichnet hat. Denn ob Beck seinen Bart abrasiert f\u00fcr &hellip; <a href=\"https:\/\/www.sashs-blog.de\/wordpress\/2008\/05\/03\/beim-barte-der-proleten\/\">Continue reading <span class=\"meta-nav\">&rarr;<\/span><\/a><\/p>\n","protected":false},"author":1,"featured_media":0,"comment_status":"open","ping_status":"open","sticky":false,"template":"","format":"standard","meta":{"_editorskit_title_hidden":false,"_editorskit_reading_time":0,"_editorskit_is_block_options_detached":false,"_editorskit_block_options_position":"{}","footnotes":""},"categories":[30,7],"tags":[],"class_list":["post-1595","post","type-post","status-publish","format-standard","hentry","category-bilder","category-medien"],"_links":{"self":[{"href":"https:\/\/www.sashs-blog.de\/wordpress\/wp-json\/wp\/v2\/posts\/1595","targetHints":{"allow":["GET"]}}],"collection":[{"href":"https:\/\/www.sashs-blog.de\/wordpress\/wp-json\/wp\/v2\/posts"}],"about":[{"href":"https:\/\/www.sashs-blog.de\/wordpress\/wp-json\/wp\/v2\/types\/post"}],"author":[{"embeddable":true,"href":"https:\/\/www.sashs-blog.de\/wordpress\/wp-json\/wp\/v2\/users\/1"}],"replies":[{"embeddable":true,"href":"https:\/\/www.sashs-blog.de\/wordpress\/wp-json\/wp\/v2\/comments?post=1595"}],"version-history":[{"count":4,"href":"https:\/\/www.sashs-blog.de\/wordpress\/wp-json\/wp\/v2\/posts\/1595\/revisions"}],"predecessor-version":[{"id":12320,"href":"https:\/\/www.sashs-blog.de\/wordpress\/wp-json\/wp\/v2\/posts\/1595\/revisions\/12320"}],"wp:attachment":[{"href":"https:\/\/www.sashs-blog.de\/wordpress\/wp-json\/wp\/v2\/media?parent=1595"}],"wp:term":[{"taxonomy":"category","embeddable":true,"href":"https:\/\/www.sashs-blog.de\/wordpress\/wp-json\/wp\/v2\/categories?post=1595"},{"taxonomy":"post_tag","embeddable":true,"href":"https:\/\/www.sashs-blog.de\/wordpress\/wp-json\/wp\/v2\/tags?post=1595"}],"curies":[{"name":"wp","href":"https:\/\/api.w.org\/{rel}","templated":true}]}}