{"id":1585,"date":"2008-05-02T03:16:03","date_gmt":"2008-05-02T01:16:03","guid":{"rendered":"http:\/\/www.sashs-blog.de\/wordpress\/?p=1585"},"modified":"2012-09-18T02:37:58","modified_gmt":"2012-09-18T00:37:58","slug":"mein-halber-erster-mai","status":"publish","type":"post","link":"https:\/\/www.sashs-blog.de\/wordpress\/2008\/05\/02\/mein-halber-erster-mai\/","title":{"rendered":"Mein halber erster Mai&#8230;"},"content":{"rendered":"<p style=\"text-align: justify;\">Na super!<br \/>\nJetzt hab ich hier im Blog gro\u00dfspurig angek\u00fcndigt, \u00fcber den ersten Mai in Berlin zu schreiben, und dann kann ich es eigentlich nicht. Das ist irgendwie schade. Ich wollte da niemanden verprellen, aber ich hab es mir auch nicht ganz ausgesucht.<br \/>\nIch bin mit Ozie p\u00fcnktlich um kurz nach 16 Uhr aus dem Haus gegangen, um auch ja nicht den &#8211; sicher p\u00fcnktlichen (*g*) &#8211; Abmarsch der revolution\u00e4ren Demo zu verpassen. Wir sind dann doch von der Warschauer Stra\u00dfe aus zum Kottbusser Tor gelaufen, da die U-Bahn etwas maximalfrequentiert war. Das gem\u00fctliche Schlendern durch Kreuzberg war aber eigentlich ok, zwischendurch habe ich fast schon angenommen, die Demo startet wo anders, weil am G\u00f6rlitzer Bahnhof oder in der Oranienstra\u00dfe (teils wegen des Myfests) tausende von Menschen auf der Stra\u00dfe waren. Am Kottbusser Tor angekommen, machte sich fast ein wenig Langeweile breit, weil auf der Versammlungsfl\u00e4che dank Konzis so viel los war, dass wir &#8211; eigentlich nur auf die Demo wartend &#8211; nicht gro\u00df Lust versp\u00fcrten, uns so mitten unters Volk zu mischen. Wir haben auf der Insel im Kreisverkehr unter der U-Bahn gewartet und die ersten zaghaften Versuchungen der Polizei, den Kreisel zu sperren, begutachtet. Dabei gab es hier und da einiges zu lachen, weil das Absperren mit einer Koordination einherging, die auch halbierte Grottenolme unter Narkose \u00e4hnlich zustandegebracht h\u00e4tten.<br \/>\nIch hab innerlich einen Gutteil der Zeit mit Feiern verbracht, weil es einfach zu sch\u00f6n ist, zu beobachten, was passiert, wenn sich irritierte Autofahrer von hinten einer Absperrung n\u00e4hern, wie manche dabei gegen die Fahrtrichtung fahren und versuchen, unauff\u00e4llig zu sein, und nat\u00fcrlich, wie Busfahrer bei der dritten Anfahrt aufs Kottbusser Tor eine Pause von einer halben Stunde einlegen m\u00fcssen.<br \/>\nWeitere Vermutungen: Ich sehe immer noch aus wie ein Zivicop, orangene Roller sind extrem kontrollgef\u00e4hrdet, das Filmen von Passanten ist inzwischen legal und Polizisten k\u00f6nnen nur begrenzte Gebiete logisch erfassen.<br \/>\nOzie ging es leider nicht so gut, ihr Magen hat sie nicht in Ruhe gelassen, was nat\u00fcrlich unsere Stimmung ein wenig getr\u00fcbt hat. Mit lediglich einer Stunde Versp\u00e4tung setzte sich die Demo in Bewegung, und das war dann der Zeitpunkt, an dem meine Kamera einmal mehr den Geist aufgegeben hat. Super Timing!<br \/>\nDie Demo war angemessen gro\u00df (keine Ahnung wie viele, aber es war beizeiten eng auf der Stra\u00dfe), aber leider auch nicht besonders lautstark. Lediglich der Lauti selbst hat mit guter Musik f\u00fcr ein wenig Stimmung &#8211; aber weniger k\u00e4mpferische &#8211; gesorgt. Was ich ein wenig abartig fand, das war nach etwa 100 Metern Wegstrecke das, was ich irgendwie nur &#8222;Pressetermin&#8220; nennen kann. Die Demo stand 10 Minuten mehr oder minder und hat sich von allen Seiten ablichten lassen. \u00d6ffentlichkeitsarbeit sch\u00f6n und gut, aber irgendwie wollte ja eigentlich eh niemand auf die Fotos, und es sollte allen klar gewesen sein, dass &#8211; wenn auch nur ein Kind einen Kieselstein wirft &#8211; niemand mehr Interesse an diesen Bildern haben wird, weil es dann &#8222;bessere&#8220; gibt. Also wozu Fotoshootings?<br \/>\nDie Demo selbst war von der Route her meines Erachtens (hab ja keine Vergleichsm\u00f6glichkeiten) ok, die Stimmung aber irgendwie etwas verhalten. Theoretisch m\u00fcssten wir noch in der Demo, bzw. in der N\u00e4he gewesen sein, als der Polizeipr\u00e4sident seine &#8222;Gucken wir mal nach den Jungs&#8220;-Nummer abbrechen musste, weil die Jungs nun nach ihm geguckt haben. Allerdings ging es Ozie mitlerweile so schlecht, dass wir beschlossen haben, zum Klinikum am Urban zu latschen, dass recht unweit des Kotti liegt.<br \/>\nUm den Weg auch sicher zu finden, haben wir eine Krankenwagenbesatzung nach dem Weg gefragt, die uns astrein in die Richtige Richtung gelotst haben. Sie fanden es vermutlich ein wenig seltsam, dass jemand nach der Klinik fragt, und dann selber l\u00e4uft. Aber die werden noch ihre Eins\u00e4tze gehabt haben, da bin ich mir sicher.<br \/>\nIn der Klinik ging es nach der Anmeldung in den Wartebereich, und dort haben wir dann eine Stunde verbracht. Es war also etwa 23 Uhr, als Ozie dann in den sicheren Bereich durfte. Von nun an warteten wir getrennt und ich hatte so Gelegenheit, einige interessante Bilder aus dem Krankenhaus mitzunehmen. Nach einiger Zeit kamen n\u00e4mlich einige Leute an, und da war alles dabei, was man so erwarten kann: Verletzte Linke von der Randale, verletzte M\u00e4nner von ihren Sauftouren, verletzte Polizisten nach der Randale, Angeh\u00f6rige, die sich das Feiern auch in der Rettungsstelle nicht verbieten lassen, und zwischendurch der ein oder andere Mensch, der das Gl\u00fcck hatte, just an dem Tag krank zu werden, als Herrentag und erster Mai zusammenfielen und das Pech, dass niemand ihn in ein Krankenhaus au\u00dferhalb Kreuzbergs bringen konnte.<br \/>\nSo wie Ozie.<br \/>\nAber die Auswahl an Leuten war beeindruckend. Das Krankenhauspersonal war zwar am R\u00f6deln, aber nat\u00fcrlich v\u00f6llig \u00fcberfordert. Es war fast halb zwei, als ich nach einer verschenkten (Schmerz-)Tablette, endlos viel Blut, Zusammenbr\u00fcchen und gewagten Sozialexperimenten in Form gemeinsamer Gespr\u00e4che zu Ozie konnte, wo es dann &#8211; genau anders herum &#8211; etwas zu ruhig zuging.<br \/>\nWas ich alles an Kopfverletzungen gesehen habe an dem Abend reicht mir f\u00fcr einen Eindruck vom \u00c4rger in der Stadt. Zu denken gegeben hat mir (als zugegeben etwas skeptischer Linker), dass nur ein einziger Polizist in dieses (immerhin n\u00e4chste) Klinikum gebracht worden schien, dass er nicht warten musste, dass die Kollegen sofort zu ihm durften, dass sie das Ganze nach eigenen Aussagen &#8222;etwas beschleunigen&#8220; wollen&#8230;<br \/>\nIch denke, wir m\u00fcssen hier schon von einer Zwei-Klassen-Gesellschaft reden.<br \/>\nAber wie dem auch sei: Ozie ging es bald etwas besser, was sicher auch an der \u00fcppigen Dosierung von Schmerzmitteln lag. Eine Gastritis also, warum nicht? Wahrscheinlich besser als Platzwunden.<br \/>\nZur Heimfahrt haben wir uns dann ein Taxi genommen. War irgendwie komisch f\u00fcr mich. War das erste und wahrscheinlich einzige Mal, dass ich w\u00e4hrend der Ausbildung selber Gast in einem Taxi war. Der Fahrer war nett, hab mich mit ihm \u00fcber die Pr\u00fcfung unterhalten und was die Rechnung anging, war er vorblidlich, wie man es nur sein kann.<br \/>\nGegen\u00fcber hab ich mich noch mit D\u00f6ner und Zubeh\u00f6r (Lahmacun) ausgestattet, und so war das Essen immerhin ein w\u00fcrdiger Abschluss.<\/p>\n","protected":false},"excerpt":{"rendered":"<p>Na super! Jetzt hab ich hier im Blog gro\u00dfspurig angek\u00fcndigt, \u00fcber den ersten Mai in Berlin zu schreiben, und dann kann ich es eigentlich nicht. Das ist irgendwie schade. Ich wollte da niemanden verprellen, aber ich hab es mir auch &hellip; <a href=\"https:\/\/www.sashs-blog.de\/wordpress\/2008\/05\/02\/mein-halber-erster-mai\/\">Continue reading <span class=\"meta-nav\">&rarr;<\/span><\/a><\/p>\n","protected":false},"author":1,"featured_media":0,"comment_status":"open","ping_status":"open","sticky":false,"template":"","format":"standard","meta":{"_editorskit_title_hidden":false,"_editorskit_reading_time":0,"_editorskit_is_block_options_detached":false,"_editorskit_block_options_position":"{}","footnotes":""},"categories":[10,1],"tags":[],"class_list":["post-1585","post","type-post","status-publish","format-standard","hentry","category-politik","category-vermischtes"],"_links":{"self":[{"href":"https:\/\/www.sashs-blog.de\/wordpress\/wp-json\/wp\/v2\/posts\/1585","targetHints":{"allow":["GET"]}}],"collection":[{"href":"https:\/\/www.sashs-blog.de\/wordpress\/wp-json\/wp\/v2\/posts"}],"about":[{"href":"https:\/\/www.sashs-blog.de\/wordpress\/wp-json\/wp\/v2\/types\/post"}],"author":[{"embeddable":true,"href":"https:\/\/www.sashs-blog.de\/wordpress\/wp-json\/wp\/v2\/users\/1"}],"replies":[{"embeddable":true,"href":"https:\/\/www.sashs-blog.de\/wordpress\/wp-json\/wp\/v2\/comments?post=1585"}],"version-history":[{"count":4,"href":"https:\/\/www.sashs-blog.de\/wordpress\/wp-json\/wp\/v2\/posts\/1585\/revisions"}],"predecessor-version":[{"id":12322,"href":"https:\/\/www.sashs-blog.de\/wordpress\/wp-json\/wp\/v2\/posts\/1585\/revisions\/12322"}],"wp:attachment":[{"href":"https:\/\/www.sashs-blog.de\/wordpress\/wp-json\/wp\/v2\/media?parent=1585"}],"wp:term":[{"taxonomy":"category","embeddable":true,"href":"https:\/\/www.sashs-blog.de\/wordpress\/wp-json\/wp\/v2\/categories?post=1585"},{"taxonomy":"post_tag","embeddable":true,"href":"https:\/\/www.sashs-blog.de\/wordpress\/wp-json\/wp\/v2\/tags?post=1585"}],"curies":[{"name":"wp","href":"https:\/\/api.w.org\/{rel}","templated":true}]}}