{"id":14389,"date":"2016-02-26T05:46:25","date_gmt":"2016-02-26T03:46:25","guid":{"rendered":"http:\/\/www.sashs-blog.de\/wordpress\/?p=14389"},"modified":"2016-02-28T18:05:34","modified_gmt":"2016-02-28T16:05:34","slug":"schlimme-fluechtlinge1einself","status":"publish","type":"post","link":"https:\/\/www.sashs-blog.de\/wordpress\/2016\/02\/26\/schlimme-fluechtlinge1einself\/","title":{"rendered":"Schlimme Fl\u00fcchtlinge!!1!!einself!"},"content":{"rendered":"<p style=\"text-align: justify;\">Ja, ich w\u00fcrde das ewige Vergleichen in der Debatte \u00fcber Asylsuchende auch gerne meiden. Ich w\u00fcrde auch gerne einfach ganz vern\u00fcnftig sagen:<\/p>\n<p style=\"padding-left: 30px; text-align: justify;\"><em>&#8222;Hey, die Welt ist offenbar schei\u00dfe. Zu den einen mehr, zu den anderen weniger. Und von ersteren suchen derzeit viele Hilfe in Deutschland \u2013 und lasst uns doch mal dr\u00fcber nachdenken, wie wir als eher vom Gl\u00fcck Beg\u00fcnstigte da sinnvoll mit umgehen k\u00f6nnen.&#8220;<\/em><\/p>\n<p style=\"text-align: justify;\">Und ich w\u00fcrde gerne das ganze Begleitprogramm fahren und auf regenbogenpupsende Einh\u00f6rner auf gr\u00fcnen Wiesen setzen und hoffen, dass das auch die letzten Schreih\u00e4lse friedlich stimmt. Stattdessen kommt als Antwort au\u00dferhalb der eigenen Filterbubble nat\u00fcrlich immer nur Hass. Und untermauert wird der mit (ohnehin meist erfundenen) Geschichten dar\u00fcber, wie schlecht all die Fl\u00fcchtlinge f\u00fcr Deutschland sind, wie schlimm die Menschen sind, weil sie nicht von hier kommen, wie schlimm das ist, weil es doch ach so schlimm ist. Diese Geschichten halt. Jede Schl\u00e4gerei in einer Fl\u00fcchtlingsunterkunft wird als Beweis hergezogen, dass (zum Beispiel) Muslime einfach unzivilisiert sind. Und, seien wir ehrlich: Egal, wie linksversifft oder rechtsau\u00dfen wir sind: Das ist doch plausibel! Man selbst w\u00fcrde sich ja niemals grundlos pr\u00fcgeln. Pr\u00fcgeln vielleicht ja, aber grundlos? Das liegt nat\u00fcrlich an der &#8222;s\u00fcdl\u00e4ndischen Mentalit\u00e4t&#8220; und sowas.<\/p>\n<p style=\"text-align: justify;\">Klar, mit etwas mehr Interesse am Lesen der Buchstaben neben den Bildern von verw\u00fcsteten Zelten k\u00f6nnten wir alle auf die Idee kommen, dass Menschen vielleicht \u00e4hnlich wie H\u00fchnchen nicht sonderlich gemacht sind f\u00fcr perspektivlose Massenunterbringung. Aber wer hat jemals schon irgendwas gelesen, was einem nicht in den Kram passt?<\/p>\n<p style=\"text-align: justify;\">Liebe &#8222;Besorgte&#8220;: Ich hab als Gutmensch in letzter Zeit eine Menge gelesen, was mir nicht in den Kram passt. Jede Menge rechte Seiten, auf denen o.g. gepostet wurde. MIR w\u00e4re das nicht eingefallen, glaubt mir bitte!<\/p>\n<p style=\"text-align: justify;\">Und da der Holzhammer gerade angesagtes Kommunikationsmittel der Wahl ist, hab ich mich ernstlich \u00fcber einen Tweet von Jan B\u00f6hmermann gefreut, der gestern wie folgt aussah:<\/p>\n<blockquote class=\"twitter-tweet\" data-lang=\"de\">\n<p dir=\"ltr\" lang=\"de\">M\u00dcSST IHR LESEN: Fl\u00fcchtlinge benehmen sich wie die SAU!! UNGLAUBLICHE STORY!! <a href=\"https:\/\/t.co\/z4QYCOvP69\">https:\/\/t.co\/z4QYCOvP69<\/a> <a href=\"https:\/\/twitter.com\/hashtag\/hyposparty?src=hash\">#hyposparty<\/a> ICH BIN KEIN NAZI, ABER&#8230;<\/p>\n<p>\u2014 Jan B\u00f6hmermann (@janboehm) <a href=\"https:\/\/twitter.com\/janboehm\/status\/702977929622515712\">25. Februar 2016<\/a><\/p><\/blockquote>\n<p style=\"text-align: justify;\"><script src=\"\/\/platform.twitter.com\/widgets.js\" async=\"\" charset=\"utf-8\"><\/script><\/p>\n<p style=\"text-align: justify;\">Und er hat Recht: Das sollte man sich mal durchlesen!<\/p>\n<p style=\"text-align: justify;\">Der <a href=\"http:\/\/www.spiegel.de\/spiegel\/print\/d-13507374.html\" target=\"_blank\">dort verlinkte<\/a> Artikel aus dem Spiegel von 1990 liest sich wie eine Blaupause der derzeitigen Probleme: Deutschland kann das alles nicht verkraften, sollte die Grenzen schlie\u00dfen, bricht zusammen. All die Fl\u00fcchtlinge bedrohen den Wohlstand, finden keine Bleibe, nutzen das Sozialsystem aus. Noch schlimmer: Sie sind undankbar, pr\u00fcgeln sich in den Unterk\u00fcnften, bel\u00e4stigen Frauen, werden sonstwie gewaltt\u00e4tig.<\/p>\n<p style=\"text-align: justify;\">Nur, Kenner der Geschichte werden es anhand des Datums erahnt haben: Es ging hier beileibe nicht um Muslime oder &#8222;Nordafrikaner&#8220;. Es ging hier um Ostdeutsche. Teilweise also sogar um Sachsen. So wie heute Teile der Sachsen den selben Schei\u00df verbreiten. Ironie der Geschichte, was?<\/p>\n<p style=\"text-align: justify;\">Ebenso wie Syrern unterstelle ich selbstverst\u00e4ndlich auch den Sachsen nicht aufgrund ihrer Abstammung irgendwas schlimmes. Dieses Messen mit zweierlei Ma\u00df \u00fcberlasse ich immer noch den Rechten. Der Punkt ist: Dieser Bericht von 1990 zeigt recht eindrucksvoll, dass man immer, wenn man Menschen in Extremsituationen verblendet unter die Lupe nimmt, die wundersamsten und abscheulichsten Dinge beobachten kann. Analog zu Fl\u00fcchtlingsgeschichten k\u00f6nnte man auch psychologische Experimente anschauen: Das <a href=\"https:\/\/de.wikipedia.org\/wiki\/Stanford-Prison-Experiment\" target=\"_blank\">Stanford-Prison-Experiment<\/a> z.B., um nur das bekannteste zu nennen.<\/p>\n<p style=\"text-align: justify;\">Und wenn wir das dann alles durchgelesen haben: Liegt es jetzt wirklich in der (ost-?)deutschen Natur, sich gegenseitig zu verpr\u00fcgeln oder besoffen auf die Bettlaken anderer Leute zu pinkeln?<\/p>\n<p style=\"text-align: justify;\">Ich habe die Vermutung, selbst der ein oder andere \u00fcberzeugte Nazi h\u00e4tte pl\u00f6tzlich ein Problem mit dieser Theorie. Was schwierig f\u00fcr ihn werden d\u00fcrfte, denn wie ich bereits oben umrissen habe: Der Spiegel-Artikel (Und ja, liebe Nazis: 1990 hatte der Spiegel noch eine deutschlandweit anerkannte Qualit\u00e4t!) ist f\u00fcr diese Theorie der selbe &#8222;Beweis&#8220; wie die derzeit diskutierten Postings \u00fcber syrische Gefl\u00fcchtete auf Facebook.<\/p>\n<p><img loading=\"lazy\" decoding=\"async\" src=\"http:\/\/vg03.met.vgwort.de\/na\/136a0925066e40a6ad9bb75892e0825d\" alt=\"\" width=\"1\" height=\"1\" \/><\/p>\n<p style=\"text-align: justify;\">Und damit zu einem gleicherma\u00dfen erwartbaren wie dennoch eindeutigen Fazit: Nazis sind mitnichten Schei\u00dfe, weil sie eine andere Meinung als ich haben. Das d\u00fcrfen sie gerne weiterhin. Nazis sind Schei\u00dfe, weil ihr Ziel darin liegt, bar jeder Faktenlage andere Menschen f\u00fcr minderwertig zu erkl\u00e4ren, nur weil sie nicht wahrhaben wollen, dass sie nicht besser sind als wir anderen auch. Und weil sie wider besserem Wissen darauf beharren. Und das ist nun mal die weltweit anerkannte Defintion von Arschl\u00f6chern, was soll man da machen?<\/p>\n<p style=\"text-align: justify;\">PS: Dagegenhalten! Immer wieder!<br \/>\nIch will nicht nur \u00fcber diese Schei\u00dfe bloggen, die so offensichtlich ist. Aber in Zeiten, in denen rechte Gewalt allt\u00e4glich ist, in der am Ende dann doch auch die Regierung das Asylrecht erkennbar unn\u00f6tig versch\u00e4rft: Wir d\u00fcrfen diesen Arschl\u00f6chern nicht die Diskurshoheit \u00fcberlassen, nur weil Facebook sich noch zu fein ist, alle Nazikommentare zu l\u00f6schen! Diese peinlichen Jammerlappen und unzufriedenen Rechercheunf\u00e4higen sind NICHT &#8222;das Volk&#8220;!<\/p>\n<p style=\"text-align: justify;\">NAZIS FUCK OFF!<\/p>\n","protected":false},"excerpt":{"rendered":"<p>Ja, ich w\u00fcrde das ewige Vergleichen in der Debatte \u00fcber Asylsuchende auch gerne meiden. Ich w\u00fcrde auch gerne einfach ganz vern\u00fcnftig sagen: &#8222;Hey, die Welt ist offenbar schei\u00dfe. Zu den einen mehr, zu den anderen weniger. Und von ersteren suchen &hellip; <a href=\"https:\/\/www.sashs-blog.de\/wordpress\/2016\/02\/26\/schlimme-fluechtlinge1einself\/\">Continue reading <span class=\"meta-nav\">&rarr;<\/span><\/a><\/p>\n","protected":false},"author":1,"featured_media":0,"comment_status":"open","ping_status":"closed","sticky":false,"template":"","format":"standard","meta":{"_editorskit_title_hidden":false,"_editorskit_reading_time":0,"_editorskit_is_block_options_detached":false,"_editorskit_block_options_position":"{}","footnotes":""},"categories":[7,10,1],"tags":[],"class_list":["post-14389","post","type-post","status-publish","format-standard","hentry","category-medien","category-politik","category-vermischtes"],"_links":{"self":[{"href":"https:\/\/www.sashs-blog.de\/wordpress\/wp-json\/wp\/v2\/posts\/14389","targetHints":{"allow":["GET"]}}],"collection":[{"href":"https:\/\/www.sashs-blog.de\/wordpress\/wp-json\/wp\/v2\/posts"}],"about":[{"href":"https:\/\/www.sashs-blog.de\/wordpress\/wp-json\/wp\/v2\/types\/post"}],"author":[{"embeddable":true,"href":"https:\/\/www.sashs-blog.de\/wordpress\/wp-json\/wp\/v2\/users\/1"}],"replies":[{"embeddable":true,"href":"https:\/\/www.sashs-blog.de\/wordpress\/wp-json\/wp\/v2\/comments?post=14389"}],"version-history":[{"count":15,"href":"https:\/\/www.sashs-blog.de\/wordpress\/wp-json\/wp\/v2\/posts\/14389\/revisions"}],"predecessor-version":[{"id":14404,"href":"https:\/\/www.sashs-blog.de\/wordpress\/wp-json\/wp\/v2\/posts\/14389\/revisions\/14404"}],"wp:attachment":[{"href":"https:\/\/www.sashs-blog.de\/wordpress\/wp-json\/wp\/v2\/media?parent=14389"}],"wp:term":[{"taxonomy":"category","embeddable":true,"href":"https:\/\/www.sashs-blog.de\/wordpress\/wp-json\/wp\/v2\/categories?post=14389"},{"taxonomy":"post_tag","embeddable":true,"href":"https:\/\/www.sashs-blog.de\/wordpress\/wp-json\/wp\/v2\/tags?post=14389"}],"curies":[{"name":"wp","href":"https:\/\/api.w.org\/{rel}","templated":true}]}}