{"id":13944,"date":"2014-12-12T08:13:46","date_gmt":"2014-12-12T06:13:46","guid":{"rendered":"http:\/\/www.sashs-blog.de\/wordpress\/?p=13944"},"modified":"2014-12-12T08:16:39","modified_gmt":"2014-12-12T06:16:39","slug":"pigeda","status":"publish","type":"post","link":"https:\/\/www.sashs-blog.de\/wordpress\/2014\/12\/12\/pigeda\/","title":{"rendered":"#PIGEDA"},"content":{"rendered":"<p style=\"text-align: justify;\">Die Sorgen der PEGIDA-Demonstranten ernst nehmen sollte man, <a title=\"tagesschau.de \u2013 Sorgen von PEDIGA ernst nehmen\" href=\"http:\/\/www.tagesschau.de\/inland\/de-maiziere-interview-101.html\" target=\"_blank\">meint Innenminister Thomas de Mazi\u00e8re<\/a>. Aha. Das klingt alles locker und volksnah und nur beinahe fast so bekloppt, als w\u00fcrde da ein erwachsener Mensch vorschlagen, 5-j\u00e4hrige in Finanzfragen st\u00e4rker zu ber\u00fccksichtigen.<\/p>\n<p style=\"text-align: justify;\">&#8222;Patriotische Europ\u00e4er gegen die Islamisierung des Abendlandes&#8220; soll man also ernst nehmen? Ehrlich? Und das noch bevor <a title=\"Wikipedia \u2013 Fliegendes Spaghettimonster\" href=\"http:\/\/de.wikipedia.org\/wiki\/Fliegendes_Spaghettimonster\" target=\"_blank\">Pastafari<\/a> Steuergelder bekommen?<\/p>\n<p style=\"text-align: justify;\">Versteht mich nicht falsch: Ich sehe in den PEGIDA-Demos auch eine Gefahr. Die Gefahr, dass unserer Gesellschaft gerade ein Rechtsruck wiederf\u00e4hrt, der Folgen haben k\u00f6nnte. Und das war sicher der Hintergrund de Maizi\u00e8res, jetzt einen auf Gespr\u00e4chspartner zu machen. Aber verdammt nochmal: Man kann doch nicht jeden Vollhonk hofieren!<\/p>\n<p style=\"text-align: justify;\">Dass es in Sachsen 10.000 Vollidioten gibt, ist sicher interessant f\u00fcr Statistiker \u2013 arg viel weniger hatte ich bisher allerdings auch nicht vermutet. Da gehen Leute gegen &#8222;Islamisierung&#8220; auf die Stra\u00dfe, die sich alle zwei Monate mal erschrecken, weil sie ein Kopftuch auf der Stra\u00dfe sehen und glauben, was in der Bildzeitung steht. Oder bei PI-News, weil &#8222;etablierte Medien&#8220; ja voll kacke sind und so \u2026<\/p>\n<p style=\"text-align: justify;\">Und um das mal klarzustellen: Ich finde den Islam schei\u00dfe. Nein, nicht nur Islamismus, den Islam! Ebenso wie das Christentum ist das eine eklige Religion, die um fortzuexistieren ihren Gl\u00e4ubigen einredet, sie seien besser als die anderen. Was soll man das als halbwegs denkender Mensch bef\u00fcrworten? Aber ja, mit viel M\u00fche ringe ich mir Toleranz dem gegen\u00fcber ab und gestehe religi\u00f6sen Menschen zumindest mal ihren Selbstbetrug zu.<\/p>\n<p style=\"text-align: justify;\">Die PEGIDA-Anh\u00e4nger indes machen Panik wegen ein paar hundert Spinnern bundesweit und f\u00fchlen sich bedroht von Dingen, von denen sie keine Ahnung haben. 10.000 Idioten gehen wegen 100 Idioten auf die Stra\u00dfe ohne zu merken, dass 100 Idioten nur ungef\u00e4hr 1% so idiotisch sein k\u00f6nnen wie sie selbst. Sie akzeptieren (oder tolerieren wenigstens) Neonazis auf ihren Demos \u2013 wobei selbige locker zehnmal (ich hab nicht einmal Google befragt, wahrscheinlich steht die Statistik sogar 100:0) so viele Todesopfer in Deutschland in den letzten Jahren zu verantworten haben.<\/p>\n<p style=\"text-align: justify;\">Deswegen gestehe ich jedem PEGIDA-Aktivisten Amnestie f\u00fcr seine Dummheit zu, wenn er umgehend zu meiner neuen Initiative PIGEDA wechselt:<\/p>\n<p style=\"text-align: justify; padding-left: 30px;\"><strong>Pers\u00f6nlich Involvierte gegen extrrem d\u00e4mliche Autofahrer<\/strong><\/p>\n<p style=\"text-align: justify;\">Statistisch gesehen werden zwar sicher mehr Islamisten von Autofahrern get\u00f6tet als Deutsche durch Islamisten \u2013 aber die Ironie der Statistik will es so, dass in Deutschland auch mehr Deutsche von Autofahrern umgebracht werden als von irgendwelchen Spinnern mit Vollbart. Oder, um es mal ganz deutlich zu sagen: Wer auch nur ein bisschen Hirn \u00fcbrig hat, sollte zu allererst gegen Autofahrer demonstrieren \u2013 und erst nach Erledigung dieses Probelems gegen Islamisten.<\/p>\n<p style=\"text-align: justify;\">OK, kehren wir nochmal ernsthaft zur\u00fcck zum Thema:<\/p>\n<p style=\"text-align: justify;\">Sicher sind nicht alle PEGIDA-Demonstranten Nazis. Oder Neonazis. Was viele dabei vergessen: Man muss nicht Nazi sein, um v\u00f6llig bescheuert zu sein! Und das sind diese Leute. Allesamt. Ausnahmslos. Ich w\u00fcrde es gerne freundlicher ausdr\u00fccken, aber ich hab ein Gehirn, das hindert mich daran, sorry.<\/p>\n<p style=\"text-align: justify;\">Wenn Thomas de Maiz\u00e8re ein Rudel Vollhonks ernst nehmen will, dann kann ich es ihm nicht verbieten. Ich w\u00fcrde das zwar gerne, aber er hat ebenso wie die PEGIDA-Leute das Recht auf freie Meinungs\u00e4u\u00dferung.<\/p>\n<p><img loading=\"lazy\" decoding=\"async\" src=\"http:\/\/vg05.met.vgwort.de\/na\/5f0af280d67c4d59b10a378cd0830f02\" alt=\"\" width=\"1\" height=\"1\" \/><\/p>\n","protected":false},"excerpt":{"rendered":"<p>Die Sorgen der PEGIDA-Demonstranten ernst nehmen sollte man, meint Innenminister Thomas de Mazi\u00e8re. Aha. Das klingt alles locker und volksnah und nur beinahe fast so bekloppt, als w\u00fcrde da ein erwachsener Mensch vorschlagen, 5-j\u00e4hrige in Finanzfragen st\u00e4rker zu ber\u00fccksichtigen. &#8222;Patriotische &hellip; <a href=\"https:\/\/www.sashs-blog.de\/wordpress\/2014\/12\/12\/pigeda\/\">Continue reading <span class=\"meta-nav\">&rarr;<\/span><\/a><\/p>\n","protected":false},"author":1,"featured_media":0,"comment_status":"open","ping_status":"closed","sticky":false,"template":"","format":"standard","meta":{"_editorskit_title_hidden":false,"_editorskit_reading_time":0,"_editorskit_is_block_options_detached":false,"_editorskit_block_options_position":"{}","footnotes":""},"categories":[10],"tags":[],"class_list":["post-13944","post","type-post","status-publish","format-standard","hentry","category-politik"],"_links":{"self":[{"href":"https:\/\/www.sashs-blog.de\/wordpress\/wp-json\/wp\/v2\/posts\/13944","targetHints":{"allow":["GET"]}}],"collection":[{"href":"https:\/\/www.sashs-blog.de\/wordpress\/wp-json\/wp\/v2\/posts"}],"about":[{"href":"https:\/\/www.sashs-blog.de\/wordpress\/wp-json\/wp\/v2\/types\/post"}],"author":[{"embeddable":true,"href":"https:\/\/www.sashs-blog.de\/wordpress\/wp-json\/wp\/v2\/users\/1"}],"replies":[{"embeddable":true,"href":"https:\/\/www.sashs-blog.de\/wordpress\/wp-json\/wp\/v2\/comments?post=13944"}],"version-history":[{"count":2,"href":"https:\/\/www.sashs-blog.de\/wordpress\/wp-json\/wp\/v2\/posts\/13944\/revisions"}],"predecessor-version":[{"id":13946,"href":"https:\/\/www.sashs-blog.de\/wordpress\/wp-json\/wp\/v2\/posts\/13944\/revisions\/13946"}],"wp:attachment":[{"href":"https:\/\/www.sashs-blog.de\/wordpress\/wp-json\/wp\/v2\/media?parent=13944"}],"wp:term":[{"taxonomy":"category","embeddable":true,"href":"https:\/\/www.sashs-blog.de\/wordpress\/wp-json\/wp\/v2\/categories?post=13944"},{"taxonomy":"post_tag","embeddable":true,"href":"https:\/\/www.sashs-blog.de\/wordpress\/wp-json\/wp\/v2\/tags?post=13944"}],"curies":[{"name":"wp","href":"https:\/\/api.w.org\/{rel}","templated":true}]}}