{"id":12830,"date":"2013-02-26T19:51:04","date_gmt":"2013-02-26T17:51:04","guid":{"rendered":"http:\/\/www.sashs-blog.de\/wordpress\/?p=12830"},"modified":"2013-02-26T19:52:27","modified_gmt":"2013-02-26T17:52:27","slug":"neues-aus-der-anstalt-2","status":"publish","type":"post","link":"https:\/\/www.sashs-blog.de\/wordpress\/2013\/02\/26\/neues-aus-der-anstalt-2\/","title":{"rendered":"Neues aus der Anstalt"},"content":{"rendered":"<p style=\"text-align: justify;\">Es gibt fantastische Neuerungen bez\u00fcglich des Leistungsschutzrechtes!<\/p>\n<p style=\"text-align: justify;\">Ich wei\u00df, ich bin nicht der einzige, der gelegentlich vermutet, wir werden im Bundestag von einem Rudel nett frisierter Gurken regiert \u2013 aber DAS jetzt, da fehlen nicht nur mir die Worte. Der Journalist Thomas Kn\u00fcwer findet <a title=\"Indiskretion Ehrensache \u2013 King Lear und das Leistungsschutzrecht\" href=\"http:\/\/www.indiskretionehrensache.de\/2013\/02\/leistungsschutzrecht-cdu\/\" target=\"_blank\">in seinem Blog Indiskretion Ehrensache<\/a> z.B., dass das Wort geistesgest\u00f6rt schon nur unzureichend f\u00fcrs LSR als solches sei. Und jetzt gibt es auch noch eine \u00c4nderung!<\/p>\n<p style=\"text-align: justify;\">Wir erinnern uns: Das Leistungsschutzrecht soll die Verlage davor sch\u00fctzen, dass z.B. Suchmaschinen ihre Texte verwenden. Also nat\u00fcrlich soll Google ihre Texte anreissen, die Verlage wollen halt, dass man ihnen dieses Geschenk auch noch bezahlt. Dabei \u2013 und das wird jetzt gleich wichtig \u2013 haben wir ja bereits ein Urheberrecht, das verhindern soll, dass man fremde Werke unerlaubt benutzt. Alleine hielten die Suchmaschinen sich nach g\u00e4ngiger Meinung daran, denn es gibt z.B. die Ausnahme des Zitatrechts, was eine Verwendung von kurzen Textausschnitten in einem eigenen Kontext erlaubt. Das LSR wird quasi von den Verlagen gew\u00fcnscht, damit diese &#8222;L\u00fccke&#8220; geschlossen wird.<\/p>\n<p style=\"text-align: justify;\">Im Laufe der letzten Wochen ist selbst in der ansonsten ja weitgehend merkbefreiten Koalition die ein oder andere Unterst\u00fctzerstimme f\u00fcrs LSR weggebrochen, es ist zu vermuten, dass das der Grund ist, warum am kommenden Freitag bereits abgestimmt werden soll: schnell durchwinken, bevor noch jemand mitkriegt, was er da verabschiedet!<\/p>\n<p style=\"text-align: justify;\">Faszinierend ist, dass es sich nun aber um eine abermals modifizierte Variante des Gesetzestextes handelt, die \u2013 <a title=\"netzpolitik.org \u2013 Leistungsschutzrecht ohne Snippets?\" href=\"https:\/\/netzpolitik.org\/2013\/leistungsschutzrecht-ohne-snippets\/\" target=\"_blank\">laut netzpolitik.org<\/a> \u2013 folgenden Wortlaut haben wird:<\/p>\n<p style=\"padding-left: 30px; text-align: justify;\"><em>\u201cDer Hersteller eines Presseerzeugnisses (Presseverleger) hat das ausschlie\u00dfliche Recht, das Presseerzeugnis oder Teile hiervon zu gewerblichen Zwecken \u00f6ffentlich zug\u00e4nglich zu machen,\u00a0<strong>es sei denn, es handelt sich um einzelne W\u00f6rter oder kleinste Textausschnitte<\/strong>. Ist das Presseerzeugnis in einem Unternehmen hergestellt worden, so gilt der Inhaber des Unternehmens als Hersteller.\u201d<\/em><\/p>\n<p style=\"text-align: justify;\">Der fett gedruckte Teil ist hierbei die Neuerung. Bei netzpolitik steht passend darunter:<\/p>\n<p style=\"padding-left: 30px; text-align: justify;\"><em>&#8222;So. Und nun versuchen Sie dieses Gesetz mal zu verstehen.&#8220;<\/em><\/p>\n<p style=\"text-align: justify;\">Das Gesetz soll also daf\u00fcr sorgen, dass man k\u00fcnftig auch besonders kleine Textausschnitte sch\u00fctzt, au\u00dfer es handelt sich dabei um besonders kleine Textausschnitte.<\/p>\n<p style=\"text-align: justify;\">Chapeau!<\/p>\n<p><img loading=\"lazy\" decoding=\"async\" src=\"http:\/\/vg03.met.vgwort.de\/na\/79397d83ee6248c8a1e427c2736d3edb\" width=\"1\" height=\"1\" alt=\"\"><\/p>\n","protected":false},"excerpt":{"rendered":"<p>Es gibt fantastische Neuerungen bez\u00fcglich des Leistungsschutzrechtes! Ich wei\u00df, ich bin nicht der einzige, der gelegentlich vermutet, wir werden im Bundestag von einem Rudel nett frisierter Gurken regiert \u2013 aber DAS jetzt, da fehlen nicht nur mir die Worte. Der &hellip; <a href=\"https:\/\/www.sashs-blog.de\/wordpress\/2013\/02\/26\/neues-aus-der-anstalt-2\/\">Continue reading <span class=\"meta-nav\">&rarr;<\/span><\/a><\/p>\n","protected":false},"author":1,"featured_media":0,"comment_status":"open","ping_status":"closed","sticky":false,"template":"","format":"standard","meta":{"_editorskit_title_hidden":false,"_editorskit_reading_time":0,"_editorskit_is_block_options_detached":false,"_editorskit_block_options_position":"{}","footnotes":""},"categories":[10],"tags":[],"class_list":["post-12830","post","type-post","status-publish","format-standard","hentry","category-politik"],"_links":{"self":[{"href":"https:\/\/www.sashs-blog.de\/wordpress\/wp-json\/wp\/v2\/posts\/12830","targetHints":{"allow":["GET"]}}],"collection":[{"href":"https:\/\/www.sashs-blog.de\/wordpress\/wp-json\/wp\/v2\/posts"}],"about":[{"href":"https:\/\/www.sashs-blog.de\/wordpress\/wp-json\/wp\/v2\/types\/post"}],"author":[{"embeddable":true,"href":"https:\/\/www.sashs-blog.de\/wordpress\/wp-json\/wp\/v2\/users\/1"}],"replies":[{"embeddable":true,"href":"https:\/\/www.sashs-blog.de\/wordpress\/wp-json\/wp\/v2\/comments?post=12830"}],"version-history":[{"count":4,"href":"https:\/\/www.sashs-blog.de\/wordpress\/wp-json\/wp\/v2\/posts\/12830\/revisions"}],"predecessor-version":[{"id":12834,"href":"https:\/\/www.sashs-blog.de\/wordpress\/wp-json\/wp\/v2\/posts\/12830\/revisions\/12834"}],"wp:attachment":[{"href":"https:\/\/www.sashs-blog.de\/wordpress\/wp-json\/wp\/v2\/media?parent=12830"}],"wp:term":[{"taxonomy":"category","embeddable":true,"href":"https:\/\/www.sashs-blog.de\/wordpress\/wp-json\/wp\/v2\/categories?post=12830"},{"taxonomy":"post_tag","embeddable":true,"href":"https:\/\/www.sashs-blog.de\/wordpress\/wp-json\/wp\/v2\/tags?post=12830"}],"curies":[{"name":"wp","href":"https:\/\/api.w.org\/{rel}","templated":true}]}}