{"id":11747,"date":"2012-03-29T01:52:21","date_gmt":"2012-03-28T23:52:21","guid":{"rendered":"http:\/\/www.sashs-blog.de\/wordpress\/?p=11747"},"modified":"2012-03-29T01:52:21","modified_gmt":"2012-03-28T23:52:21","slug":"cool-n-short","status":"publish","type":"post","link":"https:\/\/www.sashs-blog.de\/wordpress\/2012\/03\/29\/cool-n-short\/","title":{"rendered":"Cool &#8217;n&#8216; Short"},"content":{"rendered":"<p style=\"text-align: justify;\">So, meine Haare haben nun wieder ihre k\u00fcrzestm\u00f6gliche L\u00e4nge erreicht. So sehr mir manchmal beim Musikh\u00f6ren die 50cm-M\u00e4hne fehlt, bin ich doch recht froh, seit Jahren keinen Stress mehr mit verfilzenden Haaren zu haben oder mit der ewigen Trockenphase nach jedem Duschen. Aber jedes verdammte Mal kommen sie mir zu kurz vor nach dem Schneiden. Ich nehme an, das kann ich kaum je wieder ablegen. Dabei bin ich eigentlich was die Haare angeht uneitel und hab kein Problem mit den flei\u00dfig sprie\u00dfenden grauen Str\u00e4hnchen oder Angst vor Haarausfall im Alter.<\/p>\n<p style=\"text-align: justify;\">Wenn man mich fragen w\u00fcrde, was mich bez\u00fcglich der Frisur am meisten gepr\u00e4gt hat, dann war es wohl meine Faulheit und meine traumatischen Erfahrungen w\u00e4hrend der Kindheit. Ich hab Fris\u00f6re kennengelernt als Dienstleister, die auf \u00e4u\u00dferst unangenehme Art irreversibel daf\u00fcr sorgen, dass ich schei\u00dfe aussehe und daf\u00fcr Geld verlangen. So leid es mir f\u00fcr die Leute in dem Beruf tun: Seit ich selbst entscheiden kann, was mit meinen Haaren passiert, gehe ich nicht mehr hin und werde es wohl auch nicht wieder tun.<\/p>\n<p style=\"text-align: justify;\">So gesehen ist es sch\u00f6n, dass ich durch Ozie wenigstens wieder ein paar Optionen habe \ud83d\ude09<\/p>\n<p style=\"text-align: justify;\">Was ich eigentlich sagen wollte: Die Matte ist wieder ab, Sash sieht wieder halbwegs cool aus und der Fr\u00fchling kann kommen.<\/p>\n","protected":false},"excerpt":{"rendered":"<p>So, meine Haare haben nun wieder ihre k\u00fcrzestm\u00f6gliche L\u00e4nge erreicht. So sehr mir manchmal beim Musikh\u00f6ren die 50cm-M\u00e4hne fehlt, bin ich doch recht froh, seit Jahren keinen Stress mehr mit verfilzenden Haaren zu haben oder mit der ewigen Trockenphase nach &hellip; <a href=\"https:\/\/www.sashs-blog.de\/wordpress\/2012\/03\/29\/cool-n-short\/\">Continue reading <span class=\"meta-nav\">&rarr;<\/span><\/a><\/p>\n","protected":false},"author":1,"featured_media":0,"comment_status":"open","ping_status":"open","sticky":false,"template":"","format":"standard","meta":{"_editorskit_title_hidden":false,"_editorskit_reading_time":0,"_editorskit_is_block_options_detached":false,"_editorskit_block_options_position":"{}","footnotes":""},"categories":[12],"tags":[],"class_list":["post-11747","post","type-post","status-publish","format-standard","hentry","category-haushalt"],"_links":{"self":[{"href":"https:\/\/www.sashs-blog.de\/wordpress\/wp-json\/wp\/v2\/posts\/11747","targetHints":{"allow":["GET"]}}],"collection":[{"href":"https:\/\/www.sashs-blog.de\/wordpress\/wp-json\/wp\/v2\/posts"}],"about":[{"href":"https:\/\/www.sashs-blog.de\/wordpress\/wp-json\/wp\/v2\/types\/post"}],"author":[{"embeddable":true,"href":"https:\/\/www.sashs-blog.de\/wordpress\/wp-json\/wp\/v2\/users\/1"}],"replies":[{"embeddable":true,"href":"https:\/\/www.sashs-blog.de\/wordpress\/wp-json\/wp\/v2\/comments?post=11747"}],"version-history":[{"count":1,"href":"https:\/\/www.sashs-blog.de\/wordpress\/wp-json\/wp\/v2\/posts\/11747\/revisions"}],"predecessor-version":[{"id":11748,"href":"https:\/\/www.sashs-blog.de\/wordpress\/wp-json\/wp\/v2\/posts\/11747\/revisions\/11748"}],"wp:attachment":[{"href":"https:\/\/www.sashs-blog.de\/wordpress\/wp-json\/wp\/v2\/media?parent=11747"}],"wp:term":[{"taxonomy":"category","embeddable":true,"href":"https:\/\/www.sashs-blog.de\/wordpress\/wp-json\/wp\/v2\/categories?post=11747"},{"taxonomy":"post_tag","embeddable":true,"href":"https:\/\/www.sashs-blog.de\/wordpress\/wp-json\/wp\/v2\/tags?post=11747"}],"curies":[{"name":"wp","href":"https:\/\/api.w.org\/{rel}","templated":true}]}}