{"id":10647,"date":"2011-10-07T03:01:05","date_gmt":"2011-10-07T01:01:05","guid":{"rendered":"http:\/\/www.sashs-blog.de\/wordpress\/?p=10647"},"modified":"2013-05-03T13:03:43","modified_gmt":"2013-05-03T11:03:43","slug":"behindert","status":"publish","type":"post","link":"https:\/\/www.sashs-blog.de\/wordpress\/2011\/10\/07\/behindert\/","title":{"rendered":"Behindert"},"content":{"rendered":"<p style=\"text-align: justify;\">Was Behindertenparkpl\u00e4tze angeht, bin ich beruflich vorbelastet. Ich hab jahrelang f\u00fcr den <a title=\"KBV Stuttgart\" href=\"http:\/\/www.kbv-stuttgart.de\/\" target=\"_blank\">K\u00f6rperbehindertenverein Stuttgart<\/a> eine Menge Rollstuhlfahrer und sonstwie eingeschr\u00e4nkte Personen durch die Gegend gefahren und war somit manches Mal auf sie angewiesen. Die Erfahrungen, die man dabei macht, sind ziemlich genau das Gegenteil von dem, was man als Otto-Normal-Kraftfahrer vielleicht vermuten mag: Es gibt zu wenige!<\/p>\n<p style=\"text-align: justify;\">Sicher, hier und da gibt es auch die Parkpl\u00e4tze, die nur in bestimmten Zeiten ausgelastet sind, aber es hat seinen Grund, weswegen diese oftmals priviligiert wirkenden Pl\u00e4tze freigehalten werden. Das Verst\u00e4ndnis daf\u00fcr scheint den Menschen in diesem Land allerdings geh\u00f6rig abzugehen. Es ist zwar weitgehend Konsens, dass man sich um &#8222;die Behinderten&#8220; schon irgendwie k\u00fcmmern sollte &#8211; leider bewerten manche ihren Wunsch nach einem kurzen Fu\u00dfweg beim Einkaufen regelm\u00e4\u00dfig h\u00f6her. &#8222;Das mit den Spastis&#8220; ist schon ok, so lange sie einem nur selbst nicht in die Quere kommen. Viele scheinen mehr oder minder sowieso zu bef\u00fcrworten, dass man &#8222;die&#8220; sowieso besser irgendwo aufhebt, wo man als &#8222;normaler Mensch&#8220; nicht damit bel\u00e4stigt wird. Im Alltag sieht das dann so aus wie <a title=\"Krankentransport-Blog - &quot;Die&quot; Behinderten\" href=\"http:\/\/krankentransport-blog.de\/?p=1068\" target=\"_blank\">im Krankentransport-Blog<\/a> neulich so eindrucksvoll wie erschreckend beschrieben.<\/p>\n<p style=\"text-align: justify;\">Was ich von den meisten Kunden geh\u00f6rt habe, war, dass sie kein geheucheltes Mitleid wollen. Im \u00dcbrigen auch nicht in Form irgendwelcher Bevorzugungen! Behindertenparkpl\u00e4tze erf\u00fcllen aber einen Zweck. Sicher, hier und da sind es nur besonders naheliegende Pl\u00e4tze. Mancherorts aber sind es auch ein paar von wenigen barrierefrei erreichbaren Pl\u00e4tzen &#8211; etwas, das man ohne darauf zu achten (als &#8222;normaler Mensch&#8220;), nie wahrnimmt.<\/p>\n<p style=\"text-align: justify;\">Wie bl\u00f6d ich mich schon mitten in den Verkehr stellen musste, um mit den Bussen mit Hebeb\u00fchne einen vern\u00fcnftigen Einstieg f\u00fcr meine Fahrg\u00e4ste zu gew\u00e4hrleisten &#8211; das glaubt man kaum!<\/p>\n<p style=\"text-align: justify;\">Einmal hatte ich eine Situation am Stuttgarter Schlo\u00dfplatz. Da habe ich wirklich unfreiwillig &#8211; aber nicht anders machbar &#8211; einen Meter der Wendeplattform der Busse in Beschlag nehmen m\u00fcssen. Sonst war nirgends Platz, Weihnachtsmarkt und so&#8230; Ich schw\u00f6re: Alle Busse konnten dort wenden! Der, der dann als Zweiter ankam, hat das aber ignoriert und weiter ausgeholt als die Kollegen davor. Er hat sich demonstrativ hinter mich gesetzt und gewartet (und wahrscheinlich den Fahrg\u00e4sten noch erz\u00e4hlt, wie b\u00f6se ich bin). Ich hab dann so schnell als m\u00f6glich meine zwei Kundinnen eingeladen, was einfach dauert. Man muss die Rollst\u00fchle ordentlich festgurten und auch die Hebeb\u00fchnen laufen nur in Zeitlupen-Geschwindigkeit. Irgendwann hat er dann gehupt. Zu diesem Zeitpunkt konnte ich relativ erkennbar nichts machen, um die Prozedur zu beschleunigen. Aber inzwischen hatten sich eine Menge Schaulustige angesammelt, die mich und meine Fahrg\u00e4ste begafft haben und ich durfte dann aus der Menge so wunderbare S\u00e4tze h\u00f6ren wie:<\/p>\n<p style=\"padding-left: 30px; text-align: justify;\"><em>&#8222;Also um die beiden Frauen tut es mir ja leid, aber der Typ sollte ja wohl wissen, dass er hier nicht einfach so anhalten darf&#8230;&#8220;<\/em><\/p>\n<p style=\"text-align: justify;\">Dass ich das sehr wohl durfte, wusste nat\u00fcrlich keiner. Dass der Busfahrer blo\u00df zu ignorant war, hat keiner sehen wollen. Dass ich der &#8222;armen Frauen&#8220; wegen dort stand, wurde ignoriert und h\u00e4tte man dort einen Behindertenparkplatz eingerichtet, h\u00e4tten diese Pisser zum Einkaufen darauf geparkt.<\/p>\n<p style=\"text-align: justify;\">Mal im Ernst: Solche Idioten hatte ich oft genug, und ich hab sicher nicht halb so viel Missgunst mitbekommen wie jeder einzelne Rollstuhlfahrer in einem einzigen Monat. Wenn man selbst mit einem unwillk\u00fcrlichen Schritt eine Stufe \u00fcberwinden kann, l\u00e4sst es sich leicht herausposaunen, wie sehr andere Menschen verh\u00e4tschelt und \u00fcbervorteilt werden.<\/p>\n<p style=\"text-align: justify;\">Was ich eigentlich schreiben wollte, war dass ich neulich ein paar Idioten bei uns auf dem Kaiser&#8217;s-Parkplatz gesehen habe, die ihr Auto (ein schnuckeliger, kleiner Golf II) quer \u00fcber sage und schreibe alle 3 extrabreiten Behindertenparkpl\u00e4tze gestellt haben, um einkaufen zu gehen. An diesem Abend war das sicher kein gro\u00dfes Problem, denn witzigerweise waren mindestens 2 ebenso gut zug\u00e4ngliche und noch n\u00e4her am Kaiser&#8217;s gelegene (!) Parkpl\u00e4tze frei, aber es zeigt doch sehr gut, wie wenig sich manche Leute Gedanken dar\u00fcber machen.<\/p>\n<p style=\"text-align: justify;\">Ja, ich fand es auch mal cool, mich aus Prinzip \u00fcber Regeln hinwegzusetzen! Und ich weiss, dass nicht alle Regeln hierzulande sinnvoll sind. Aber auch wenn einem pers\u00f6nlich mal ein Behindertenparkplatz &#8222;im Weg&#8220; ist: Denkt mal dr\u00fcber nach, in welchen Situationen Leute im Rollstuhl oder mit anderen Beeintr\u00e4chtigungen hierzulande behindert <strong>werden<\/strong>.<\/p>\n<p style=\"text-align: justify;\">Und wenn ihr euch fragt, ob nun wirklich die 3 Behindertenparkpl\u00e4tze sein m\u00fcssen, wenn f\u00fcr das gro\u00dfe Einkaufscenter \u00fcberhaupt nur 100 zur Verf\u00fcgung stehen, dann seht euch mal bitte an, <a title=\"Wikipedia - Behinderte|Anzahl der behinderten Menschen\" href=\"http:\/\/de.wikipedia.org\/wiki\/Behinderte#Anzahl_der_behinderten_Menschen\" target=\"_blank\">wie viele Menschen in Deutschland einen Schwerbehinderten-Status haben<\/a>:<\/p>\n<p style=\"text-align: justify;\">8,7%!<\/p>\n<p style=\"text-align: justify;\">7 Millionen Menschen!<\/p>\n<p style=\"text-align: justify;\">Und das sind nur die, die offiziell schwerbehindert sind. Die Tatsache, dass man nur wenige davon auf der Stra\u00dfe sieht, beunruhigt mich wesentlich mehr als die Durchsetzung weiterer Behindertenparkpl\u00e4tze.<\/p>\n<p style=\"text-align: justify;\">An dieser Stelle m\u00f6chte ich gerne einen Blog verlinken: <a title=\"Das Rollkommando\" href=\"http:\/\/das-rollkommando.blogspot.com\/\" target=\"_blank\">das-rollkommando.blogspot.com<\/a><\/p>\n<p style=\"text-align: justify;\">Es ist der Blog eines meiner ehemaligen Chefs, selbst Rollstuhlfahrer. Er ist in seinen Beitr\u00e4gen gerne mal zynisch und provokant, aber genau das sch\u00e4tze ich daran. Ich kann euch jedenfalls versichern, dass ihr mit ihm gut \u00fcber solche Alltagsgeschichten diskutieren k\u00f6nnt. Ignoriert mal den ein oder anderen Tippfehler und lest die ersten Beitr\u00e4ge durch &#8211; und denkt dr\u00fcber nach!<\/p>\n<p style=\"text-align: justify;\">Ich habe meinen Job damals angetreten und festgestellt, dass ich durchaus Vorurteile hatte. Das verliert sich mit der Zeit. Man muss nicht pseudomitleidig durch die Gegend rennen, um Behinderten zu helfen. Ehrlicher Respekt und der Abbau von Ber\u00fchrungs\u00e4ngsten hilft viel mehr und l\u00e4sst einen eine Menge Spa\u00df mit den Leuten haben, die sonst oftmals leider nur ignoriert oder ausgegrenzt werden.<\/p>\n<p><img loading=\"lazy\" decoding=\"async\" src=\"http:\/\/vg01.met.vgwort.de\/na\/4a82f4a766b34f16adc68c99ce84e800\" alt=\"\" width=\"1\" height=\"1\" \/><\/p>\n","protected":false},"excerpt":{"rendered":"<p>Was Behindertenparkpl\u00e4tze angeht, bin ich beruflich vorbelastet. Ich hab jahrelang f\u00fcr den K\u00f6rperbehindertenverein Stuttgart eine Menge Rollstuhlfahrer und sonstwie eingeschr\u00e4nkte Personen durch die Gegend gefahren und war somit manches Mal auf sie angewiesen. Die Erfahrungen, die man dabei macht, sind &hellip; <a href=\"https:\/\/www.sashs-blog.de\/wordpress\/2011\/10\/07\/behindert\/\">Continue reading <span class=\"meta-nav\">&rarr;<\/span><\/a><\/p>\n","protected":false},"author":1,"featured_media":0,"comment_status":"open","ping_status":"closed","sticky":false,"template":"","format":"standard","meta":{"_editorskit_title_hidden":false,"_editorskit_reading_time":0,"_editorskit_is_block_options_detached":false,"_editorskit_block_options_position":"{}","footnotes":""},"categories":[1],"tags":[],"class_list":["post-10647","post","type-post","status-publish","format-standard","hentry","category-vermischtes"],"_links":{"self":[{"href":"https:\/\/www.sashs-blog.de\/wordpress\/wp-json\/wp\/v2\/posts\/10647","targetHints":{"allow":["GET"]}}],"collection":[{"href":"https:\/\/www.sashs-blog.de\/wordpress\/wp-json\/wp\/v2\/posts"}],"about":[{"href":"https:\/\/www.sashs-blog.de\/wordpress\/wp-json\/wp\/v2\/types\/post"}],"author":[{"embeddable":true,"href":"https:\/\/www.sashs-blog.de\/wordpress\/wp-json\/wp\/v2\/users\/1"}],"replies":[{"embeddable":true,"href":"https:\/\/www.sashs-blog.de\/wordpress\/wp-json\/wp\/v2\/comments?post=10647"}],"version-history":[{"count":5,"href":"https:\/\/www.sashs-blog.de\/wordpress\/wp-json\/wp\/v2\/posts\/10647\/revisions"}],"predecessor-version":[{"id":10649,"href":"https:\/\/www.sashs-blog.de\/wordpress\/wp-json\/wp\/v2\/posts\/10647\/revisions\/10649"}],"wp:attachment":[{"href":"https:\/\/www.sashs-blog.de\/wordpress\/wp-json\/wp\/v2\/media?parent=10647"}],"wp:term":[{"taxonomy":"category","embeddable":true,"href":"https:\/\/www.sashs-blog.de\/wordpress\/wp-json\/wp\/v2\/categories?post=10647"},{"taxonomy":"post_tag","embeddable":true,"href":"https:\/\/www.sashs-blog.de\/wordpress\/wp-json\/wp\/v2\/tags?post=10647"}],"curies":[{"name":"wp","href":"https:\/\/api.w.org\/{rel}","templated":true}]}}